{"id":342536,"date":"2024-11-11T20:12:58","date_gmt":"2024-11-11T17:12:58","guid":{"rendered":"https:\/\/sana.sy\/es\/?p=342536"},"modified":"2024-11-11T21:00:37","modified_gmt":"2024-11-11T18:00:37","slug":"reapertura-de-la-autopista-homs-damasco-tras-ser-atacada-por-el-ocupante-israeli","status":"publish","type":"post","link":"https:\/\/archive.sana.sy\/es\/?p=342536","title":{"rendered":"Reapertura de la autopista Homs-Damasco tras ser atacada por el ocupante israel\u00ed"},"content":{"rendered":"<p style=\"text-align: justify;\"><span style=\"color: #800000;\"><strong>Homs, 11 nov (SANA)\u00a0 <\/strong><\/span>El Ministerio de Transporte de Siria anunci\u00f3 la reapertura la carretera internacional entre Homs y Damasco en la localidad de Shinshar tras la remoci\u00f3n de los escombros de la agresi\u00f3n israel\u00ed y limpiar la carretera de ida y vuelta.<\/p>\n<p><img loading=\"lazy\" decoding=\"async\" class=\"size-medium wp-image-342540 alignright\" src=\"http:\/\/sana.sy\/es\/wp-content\/uploads\/2024\/11\/Reapertura-de-la-autopista-Homs-Damasco-tras-ser-atacada-por-el-ocupante-israeli0000-300x200.jpeg\" alt=\"\" width=\"300\" height=\"200\" srcset=\"https:\/\/archive.sana.sy\/es\/wp-content\/uploads\/2024\/11\/Reapertura-de-la-autopista-Homs-Damasco-tras-ser-atacada-por-el-ocupante-israeli0000-300x200.jpeg 300w, https:\/\/archive.sana.sy\/es\/wp-content\/uploads\/2024\/11\/Reapertura-de-la-autopista-Homs-Damasco-tras-ser-atacada-por-el-ocupante-israeli0000-150x100.jpeg 150w, https:\/\/archive.sana.sy\/es\/wp-content\/uploads\/2024\/11\/Reapertura-de-la-autopista-Homs-Damasco-tras-ser-atacada-por-el-ocupante-israeli0000.jpeg 660w\" sizes=\"(max-width: 300px) 100vw, 300px\" \/><\/p>\n<p style=\"text-align: justify;\">El gobernador de Homs, Numer Makhlouf, durante su inspecci\u00f3n de la carretera temporalmente cortada como consecuencia de la agresi\u00f3n israel\u00ed contra un convoy de ayuda humanitaria destinado a los desplazados libaneses, en la zona de Shamsin, anunci\u00f3 que la polic\u00eda de tr\u00e1nsito, los equipos t\u00e9cnicos y otros \u00f3rganos competentes reabrieron la referida autopista.<\/p>\n<p style=\"text-align: justify;\">Se\u00f1al\u00f3 que el tr\u00e1nsito ante los veh\u00edculos se ha vuelto a su normalidad tras finalizar las operaciones de limpieza en la v\u00eda y en los ejes laterales, con el fin de garantizar la seguridad de los ciudadanos.<\/p>\n<div id='gallery-1' class='gallery galleryid-342536 gallery-columns-1 gallery-size-full'><figure class='gallery-item'>\n\t\t\t<div class='gallery-icon landscape'>\n\t\t\t\t<a href='https:\/\/archive.sana.sy\/es\/?attachment_id=342542'><img loading=\"lazy\" decoding=\"async\" width=\"660\" height=\"439\" src=\"https:\/\/archive.sana.sy\/es\/wp-content\/uploads\/2024\/11\/Reapertura-de-la-autopista-Homs-Damasco-tras-ser-atacada-por-el-ocupante-israeli000.jpeg\" class=\"attachment-full size-full\" alt=\"\" srcset=\"https:\/\/archive.sana.sy\/es\/wp-content\/uploads\/2024\/11\/Reapertura-de-la-autopista-Homs-Damasco-tras-ser-atacada-por-el-ocupante-israeli000.jpeg 660w, https:\/\/archive.sana.sy\/es\/wp-content\/uploads\/2024\/11\/Reapertura-de-la-autopista-Homs-Damasco-tras-ser-atacada-por-el-ocupante-israeli000-300x200.jpeg 300w, https:\/\/archive.sana.sy\/es\/wp-content\/uploads\/2024\/11\/Reapertura-de-la-autopista-Homs-Damasco-tras-ser-atacada-por-el-ocupante-israeli000-150x100.jpeg 150w, https:\/\/archive.sana.sy\/es\/wp-content\/uploads\/2024\/11\/Reapertura-de-la-autopista-Homs-Damasco-tras-ser-atacada-por-el-ocupante-israeli000-310x205.jpeg 310w\" sizes=\"(max-width: 660px) 100vw, 660px\" \/><\/a>\n\t\t\t<\/div><\/figure><figure class='gallery-item'>\n\t\t\t<div class='gallery-icon landscape'>\n\t\t\t\t<a href='https:\/\/archive.sana.sy\/es\/?attachment_id=342541'><img loading=\"lazy\" decoding=\"async\" width=\"660\" height=\"439\" src=\"https:\/\/archive.sana.sy\/es\/wp-content\/uploads\/2024\/11\/Reapertura-de-la-autopista-Homs-Damasco-tras-ser-atacada-por-el-ocupante-israeli00.jpeg\" class=\"attachment-full size-full\" alt=\"\" srcset=\"https:\/\/archive.sana.sy\/es\/wp-content\/uploads\/2024\/11\/Reapertura-de-la-autopista-Homs-Damasco-tras-ser-atacada-por-el-ocupante-israeli00.jpeg 660w, https:\/\/archive.sana.sy\/es\/wp-content\/uploads\/2024\/11\/Reapertura-de-la-autopista-Homs-Damasco-tras-ser-atacada-por-el-ocupante-israeli00-300x200.jpeg 300w, https:\/\/archive.sana.sy\/es\/wp-content\/uploads\/2024\/11\/Reapertura-de-la-autopista-Homs-Damasco-tras-ser-atacada-por-el-ocupante-israeli00-150x100.jpeg 150w, https:\/\/archive.sana.sy\/es\/wp-content\/uploads\/2024\/11\/Reapertura-de-la-autopista-Homs-Damasco-tras-ser-atacada-por-el-ocupante-israeli00-310x205.jpeg 310w\" sizes=\"(max-width: 660px) 100vw, 660px\" \/><\/a>\n\t\t\t<\/div><\/figure>\n\t\t<\/div>\n\n<p style=\"text-align: justify;\">sm<\/p>\n","protected":false},"excerpt":{"rendered":"<p>Homs, 11 nov (SANA)\u00a0 El Ministerio de Transporte de Siria anunci\u00f3 la reapertura la carretera internacional entre Homs y Damasco en la localidad de Shinshar tras la remoci\u00f3n de los escombros de la agresi\u00f3n israel\u00ed y limpiar la carretera de ida y vuelta. El gobernador de Homs, Numer Makhlouf, durante su inspecci\u00f3n de la carretera &hellip;<\/p>\n","protected":false},"author":39,"featured_media":342537,"comment_status":"closed","ping_status":"closed","sticky":false,"template":"","format":"standard","meta":{"footnotes":""},"categories":[477,597,573,20724,476,7541],"tags":[],"class_list":["post-342536","post","type-post","status-publish","format-standard","has-post-thumbnail","","category-noticias-edulcorantes","category-cinta-de-noticias","category-la-realidad-de-los-acontecimientos-en-siria","category-minuto-a-minuto","category-locales","category-ultimas-noticias"],"_links":{"self":[{"href":"https:\/\/archive.sana.sy\/es\/index.php?rest_route=\/wp\/v2\/posts\/342536"}],"collection":[{"href":"https:\/\/archive.sana.sy\/es\/index.php?rest_route=\/wp\/v2\/posts"}],"about":[{"href":"https:\/\/archive.sana.sy\/es\/index.php?rest_route=\/wp\/v2\/types\/post"}],"author":[{"embeddable":true,"href":"https:\/\/archive.sana.sy\/es\/index.php?rest_route=\/wp\/v2\/users\/39"}],"replies":[{"embeddable":true,"href":"https:\/\/archive.sana.sy\/es\/index.php?rest_route=%2Fwp%2Fv2%2Fcomments&post=342536"}],"version-history":[{"count":6,"href":"https:\/\/archive.sana.sy\/es\/index.php?rest_route=\/wp\/v2\/posts\/342536\/revisions"}],"predecessor-version":[{"id":342546,"href":"https:\/\/archive.sana.sy\/es\/index.php?rest_route=\/wp\/v2\/posts\/342536\/revisions\/342546"}],"wp:featuredmedia":[{"embeddable":true,"href":"https:\/\/archive.sana.sy\/es\/index.php?rest_route=\/wp\/v2\/media\/342537"}],"wp:attachment":[{"href":"https:\/\/archive.sana.sy\/es\/index.php?rest_route=%2Fwp%2Fv2%2Fmedia&parent=342536"}],"wp:term":[{"taxonomy":"category","embeddable":true,"href":"https:\/\/archive.sana.sy\/es\/index.php?rest_route=%2Fwp%2Fv2%2Fcategories&post=342536"},{"taxonomy":"post_tag","embeddable":true,"href":"https:\/\/archive.sana.sy\/es\/index.php?rest_route=%2Fwp%2Fv2%2Ftags&post=342536"}],"curies":[{"name":"wp","href":"https:\/\/api.w.org\/{rel}","templated":true}]}}