{"id":342571,"date":"2024-11-12T17:26:22","date_gmt":"2024-11-12T14:26:22","guid":{"rendered":"https:\/\/sana.sy\/es\/?p=342571"},"modified":"2024-11-12T17:30:12","modified_gmt":"2024-11-12T14:30:12","slug":"declaracion-final-de-la-reunion-de-astana-rechaza-agresiones-israelies-en-siria-libano-y-gaza","status":"publish","type":"post","link":"https:\/\/archive.sana.sy\/es\/?p=342571","title":{"rendered":"Declaraci\u00f3n final de la Reuni\u00f3n de Astan\u00e1 rechaza agresiones israel\u00edes en Siria, L\u00edbano y Gaza"},"content":{"rendered":"<p style=\"text-align: justify\"><span style=\"color: #800000\"><strong>Astan\u00e1, 12 nov (SANA)<\/strong><\/span> La declaraci\u00f3n final de la 22\u00aa Reuni\u00f3n Internacional de Astan\u00e1 sobre Siria afirm\u00f3 la condena de los pa\u00edses garantes de este proceso (Rusia, Ir\u00e1n y Turkiye) a las repetidas agresiones israel\u00edes contra territorio sirio, Gaza y el L\u00edbano, y las consideraron una violaci\u00f3n del derecho internacional.<\/p>\n<p style=\"text-align: justify\">La declaraci\u00f3n inst\u00f3 a la comunidad internacional, especialmente el Consejo de Seguridad de la ONU, que garantice un alto el fuego inmediato y permanente, y asegure el acceso sin obst\u00e1culos de la ayuda humanitaria a la Franja de Gaza.<\/p>\n<p style=\"text-align: justify\">Elogi\u00f3 los esfuerzos desempe\u00f1ados por Siria para acoger a cientos de miles de personas procedentes del L\u00edbano a Siria debido a la agresi\u00f3n israel\u00ed contra varias regiones libaneses. En este contexto, pidi\u00f3 al Alto Comisionado de las Naciones Unidas para los Refugiados, a las agencias de las Naciones Unidas que aumentaran la respuesta de emergencia a los refugiados libaneses en Siria.<\/p>\n<p style=\"text-align: justify\">Denunci\u00f3 el saqueo de las riquezas petroleras en Siria y las sanciones unilaterales que tienen efecto negativo sobre la situaci\u00f3n en esta naci\u00f3n, calificando el inhumano bloqueo impuesto al pueblo sirio de &#8220;una violaci\u00f3n de la Carta de las Naciones Unidas y los Derechos Humanos&#8221;.<\/p>\n<p style=\"text-align: justify\">El petr\u00f3leo y otros recursos deben pertenecer al pueblo sirio, asegur\u00f3 el texto.<\/p>\n<p style=\"text-align: justify\">Asimismo destac\u00f3 la necesidad de cumplir con las resoluciones de la ONU que rechazan la ocupaci\u00f3n del Gol\u00e1n sirio, principalmente las Resoluciones No. 242 y 497 del Consejo de Seguridad de la ONU, aseverando que las medidas israel\u00edes en este sentido son nulas y sin efecto legal.<\/p>\n<p style=\"text-align: justify\">Expres\u00f3 la determinaci\u00f3n de los pa\u00edses garantes de continuar trabajando juntos para combatir el terrorismo en todas sus formas y manifestaciones y repudiar las agendas separatistas \u00a0apoyadas por el exterior y destinadas a socavar la soberan\u00eda y la integridad territorial de Siria, y a amenazar la seguridad de los pa\u00edses vecinos.<\/p>\n<p style=\"text-align: justify\">El documento se\u00f1al\u00f3 que los reunidos acordaron celebrar la 23\u00aa Reuni\u00f3n de Astan\u00e1 sobre Siria durante el primer semestre de 2025.<\/p>\n<p style=\"text-align: justify\">fm\/as\/la<\/p>\n","protected":false},"excerpt":{"rendered":"<p>Astan\u00e1, 12 nov (SANA) La declaraci\u00f3n final de la 22\u00aa Reuni\u00f3n Internacional de Astan\u00e1 sobre Siria afirm\u00f3 la condena de los pa\u00edses garantes de este proceso (Rusia, Ir\u00e1n y Turkiye) a las repetidas agresiones israel\u00edes contra territorio sirio, Gaza y el L\u00edbano, y las consideraron una violaci\u00f3n del derecho internacional. La declaraci\u00f3n inst\u00f3 a la &hellip;<\/p>\n","protected":false},"author":42,"featured_media":342572,"comment_status":"closed","ping_status":"closed","sticky":false,"template":"","format":"standard","meta":{"footnotes":""},"categories":[597,20724,467,7541],"tags":[],"class_list":["post-342571","post","type-post","status-publish","format-standard","has-post-thumbnail","","category-cinta-de-noticias","category-minuto-a-minuto","category-siria-y-el-mundo","category-ultimas-noticias"],"_links":{"self":[{"href":"https:\/\/archive.sana.sy\/es\/index.php?rest_route=\/wp\/v2\/posts\/342571"}],"collection":[{"href":"https:\/\/archive.sana.sy\/es\/index.php?rest_route=\/wp\/v2\/posts"}],"about":[{"href":"https:\/\/archive.sana.sy\/es\/index.php?rest_route=\/wp\/v2\/types\/post"}],"author":[{"embeddable":true,"href":"https:\/\/archive.sana.sy\/es\/index.php?rest_route=\/wp\/v2\/users\/42"}],"replies":[{"embeddable":true,"href":"https:\/\/archive.sana.sy\/es\/index.php?rest_route=%2Fwp%2Fv2%2Fcomments&post=342571"}],"version-history":[{"count":4,"href":"https:\/\/archive.sana.sy\/es\/index.php?rest_route=\/wp\/v2\/posts\/342571\/revisions"}],"predecessor-version":[{"id":342586,"href":"https:\/\/archive.sana.sy\/es\/index.php?rest_route=\/wp\/v2\/posts\/342571\/revisions\/342586"}],"wp:featuredmedia":[{"embeddable":true,"href":"https:\/\/archive.sana.sy\/es\/index.php?rest_route=\/wp\/v2\/media\/342572"}],"wp:attachment":[{"href":"https:\/\/archive.sana.sy\/es\/index.php?rest_route=%2Fwp%2Fv2%2Fmedia&parent=342571"}],"wp:term":[{"taxonomy":"category","embeddable":true,"href":"https:\/\/archive.sana.sy\/es\/index.php?rest_route=%2Fwp%2Fv2%2Fcategories&post=342571"},{"taxonomy":"post_tag","embeddable":true,"href":"https:\/\/archive.sana.sy\/es\/index.php?rest_route=%2Fwp%2Fv2%2Ftags&post=342571"}],"curies":[{"name":"wp","href":"https:\/\/api.w.org\/{rel}","templated":true}]}}