{"id":342577,"date":"2024-11-12T16:24:45","date_gmt":"2024-11-12T13:24:45","guid":{"rendered":"https:\/\/sana.sy\/es\/?p=342577"},"modified":"2024-11-12T16:24:53","modified_gmt":"2024-11-12T13:24:53","slug":"violentos-bombardeos-israelies-contra-capital-de-libano","status":"publish","type":"post","link":"https:\/\/archive.sana.sy\/es\/?p=342577","title":{"rendered":"Violentos bombardeos israel\u00edes contra capital de L\u00edbano"},"content":{"rendered":"<p style=\"text-align: justify;\"><span style=\"color: #800000;\"><strong>Beirut, 12 nov (SANA)<\/strong> <\/span>La aviaci\u00f3n b\u00e9lica israel\u00ed lanz\u00f3 al menos 12 incursiones contra zonas del suburbio sur de la capital de L\u00edbano.<\/p>\n<p style=\"text-align: justify;\">Reportes de prensa y videos en plataformas digitales mostraron la devastaci\u00f3n causada por las agresiones israel\u00edes en las \u00e1reas de Haret Hreik, Bir Al-Abed y Al-Jamous, en la mencionada zona.<\/p>\n<p style=\"text-align: justify;\">Im\u00e1genes difundidas reflejaron la destrucci\u00f3n de edificios y complejos residenciales, as\u00ed como centros comerciales.<\/p>\n<p style=\"text-align: justify;\">El Centro de Operaciones de Emergencia del Ministerio de Salud P\u00fablica indic\u00f3 que ascendi\u00f3 a 16 el n\u00famero de muertos y a 10 el de heridos de la masacre perpetrada contra la localidad de Ain Yacoub en Akkar, en el norte de la naci\u00f3n.<\/p>\n<p style=\"text-align: justify;\">Tras 13 meses de agresiones israel\u00edes, la cifra de v\u00edctimas aument\u00f3 a m\u00e1s de tres mil 240 fallecidos y 14 mil 134 heridos, incluidos 201 ni\u00f1os muertos.<\/p>\n<p style=\"text-align: justify;\">fm\/as<\/p>\n","protected":false},"excerpt":{"rendered":"<p>Beirut, 12 nov (SANA) La aviaci\u00f3n b\u00e9lica israel\u00ed lanz\u00f3 al menos 12 incursiones contra zonas del suburbio sur de la capital de L\u00edbano. Reportes de prensa y videos en plataformas digitales mostraron la devastaci\u00f3n causada por las agresiones israel\u00edes en las \u00e1reas de Haret Hreik, Bir Al-Abed y Al-Jamous, en la mencionada zona. Im\u00e1genes difundidas &hellip;<\/p>\n","protected":false},"author":42,"featured_media":342578,"comment_status":"closed","ping_status":"closed","sticky":false,"template":"","format":"standard","meta":{"footnotes":""},"categories":[597,456,16687,20724,583],"tags":[],"class_list":["post-342577","post","type-post","status-publish","format-standard","has-post-thumbnail","","category-cinta-de-noticias","category-arabe-internacional-politica","category-internacionales","category-minuto-a-minuto","category-slide"],"_links":{"self":[{"href":"https:\/\/archive.sana.sy\/es\/index.php?rest_route=\/wp\/v2\/posts\/342577"}],"collection":[{"href":"https:\/\/archive.sana.sy\/es\/index.php?rest_route=\/wp\/v2\/posts"}],"about":[{"href":"https:\/\/archive.sana.sy\/es\/index.php?rest_route=\/wp\/v2\/types\/post"}],"author":[{"embeddable":true,"href":"https:\/\/archive.sana.sy\/es\/index.php?rest_route=\/wp\/v2\/users\/42"}],"replies":[{"embeddable":true,"href":"https:\/\/archive.sana.sy\/es\/index.php?rest_route=%2Fwp%2Fv2%2Fcomments&post=342577"}],"version-history":[{"count":1,"href":"https:\/\/archive.sana.sy\/es\/index.php?rest_route=\/wp\/v2\/posts\/342577\/revisions"}],"predecessor-version":[{"id":342579,"href":"https:\/\/archive.sana.sy\/es\/index.php?rest_route=\/wp\/v2\/posts\/342577\/revisions\/342579"}],"wp:featuredmedia":[{"embeddable":true,"href":"https:\/\/archive.sana.sy\/es\/index.php?rest_route=\/wp\/v2\/media\/342578"}],"wp:attachment":[{"href":"https:\/\/archive.sana.sy\/es\/index.php?rest_route=%2Fwp%2Fv2%2Fmedia&parent=342577"}],"wp:term":[{"taxonomy":"category","embeddable":true,"href":"https:\/\/archive.sana.sy\/es\/index.php?rest_route=%2Fwp%2Fv2%2Fcategories&post=342577"},{"taxonomy":"post_tag","embeddable":true,"href":"https:\/\/archive.sana.sy\/es\/index.php?rest_route=%2Fwp%2Fv2%2Ftags&post=342577"}],"curies":[{"name":"wp","href":"https:\/\/api.w.org\/{rel}","templated":true}]}}