{"id":342580,"date":"2024-11-12T16:29:21","date_gmt":"2024-11-12T13:29:21","guid":{"rendered":"https:\/\/sana.sy\/es\/?p=342580"},"modified":"2024-11-12T16:29:30","modified_gmt":"2024-11-12T13:29:30","slug":"rusia-rechaza-intentos-de-fuerzas-externas-y-grupos-terroristas-de-desestabilizar-siria","status":"publish","type":"post","link":"https:\/\/archive.sana.sy\/es\/?p=342580","title":{"rendered":"Rusia rechaza intentos de fuerzas externas y grupos terroristas de desestabilizar Siria"},"content":{"rendered":"<p style=\"text-align: justify;\"><span style=\"color: #800000;\"><strong>Astan\u00e1, 12 nov (SANA)<\/strong> <\/span>El enviado especial del presidente ruso a Siria, Alexander L\u00e1vrentiev, quien encabez\u00f3 la delegaci\u00f3n rusa en la 22\u00aa Reuni\u00f3n Internacional Sobre Siria celebrada en Astan\u00e1, afirm\u00f3 su rechazo a los intentos de fuerzas externas y agrupaciones terroristas de desestabilizar Siria.<\/p>\n<p style=\"text-align: justify;\">L\u00e1vrentiev explic\u00f3 en una conferencia de prensa al finalizar la reuni\u00f3n, que algunas organizaciones terroristas, encabezadas por la Junta para Liberaci\u00f3n del Levante, figuran en las listas de entidades terroristas del Consejo de Seguridad de la ONU, y algunas fuerzas externas est\u00e1n tratando de explotar la tensa situaci\u00f3n en la regi\u00f3n para agravar la situaci\u00f3n en Idlib y otras \u00e1reas.<\/p>\n<p style=\"text-align: justify;\">El enviado ruso indic\u00f3 que en la reuni\u00f3n se abord\u00f3 la situaci\u00f3n de los refugiados, y se refiri\u00f3 a que los bombardeos israel\u00edes contra el L\u00edbano provocaron el regreso de unos 400.000 sirios y el asilo de un gran n\u00famero de libaneses a Siria.<\/p>\n<p style=\"text-align: justify;\">Explic\u00f3 que la econom\u00eda siria est\u00e1 sufriendo principalmente como consecuencia de las sanciones unilaterales impuestas por Estados Unidos y los pa\u00edses occidentales.<\/p>\n<p style=\"text-align: justify;\">Hemos mantenido conversaciones con el enviado especial del Secretario General de las Naciones Unidas a Siria, Geir Pedersen, sobre la necesidad de movilizar los esfuerzos de la comunidad internacional para proporcionar m\u00e1s asistencia para satisfacer las necesidades de refugiados, afirm\u00f3.<\/p>\n<p style=\"text-align: justify;\">fm\/as<\/p>\n","protected":false},"excerpt":{"rendered":"<p>Astan\u00e1, 12 nov (SANA) El enviado especial del presidente ruso a Siria, Alexander L\u00e1vrentiev, quien encabez\u00f3 la delegaci\u00f3n rusa en la 22\u00aa Reuni\u00f3n Internacional Sobre Siria celebrada en Astan\u00e1, afirm\u00f3 su rechazo a los intentos de fuerzas externas y agrupaciones terroristas de desestabilizar Siria. L\u00e1vrentiev explic\u00f3 en una conferencia de prensa al finalizar la reuni\u00f3n, &hellip;<\/p>\n","protected":false},"author":42,"featured_media":342581,"comment_status":"closed","ping_status":"closed","sticky":false,"template":"","format":"standard","meta":{"footnotes":""},"categories":[597,456,16687,20724,7541],"tags":[],"class_list":["post-342580","post","type-post","status-publish","format-standard","has-post-thumbnail","","category-cinta-de-noticias","category-arabe-internacional-politica","category-internacionales","category-minuto-a-minuto","category-ultimas-noticias"],"_links":{"self":[{"href":"https:\/\/archive.sana.sy\/es\/index.php?rest_route=\/wp\/v2\/posts\/342580"}],"collection":[{"href":"https:\/\/archive.sana.sy\/es\/index.php?rest_route=\/wp\/v2\/posts"}],"about":[{"href":"https:\/\/archive.sana.sy\/es\/index.php?rest_route=\/wp\/v2\/types\/post"}],"author":[{"embeddable":true,"href":"https:\/\/archive.sana.sy\/es\/index.php?rest_route=\/wp\/v2\/users\/42"}],"replies":[{"embeddable":true,"href":"https:\/\/archive.sana.sy\/es\/index.php?rest_route=%2Fwp%2Fv2%2Fcomments&post=342580"}],"version-history":[{"count":1,"href":"https:\/\/archive.sana.sy\/es\/index.php?rest_route=\/wp\/v2\/posts\/342580\/revisions"}],"predecessor-version":[{"id":342582,"href":"https:\/\/archive.sana.sy\/es\/index.php?rest_route=\/wp\/v2\/posts\/342580\/revisions\/342582"}],"wp:featuredmedia":[{"embeddable":true,"href":"https:\/\/archive.sana.sy\/es\/index.php?rest_route=\/wp\/v2\/media\/342581"}],"wp:attachment":[{"href":"https:\/\/archive.sana.sy\/es\/index.php?rest_route=%2Fwp%2Fv2%2Fmedia&parent=342580"}],"wp:term":[{"taxonomy":"category","embeddable":true,"href":"https:\/\/archive.sana.sy\/es\/index.php?rest_route=%2Fwp%2Fv2%2Fcategories&post=342580"},{"taxonomy":"post_tag","embeddable":true,"href":"https:\/\/archive.sana.sy\/es\/index.php?rest_route=%2Fwp%2Fv2%2Ftags&post=342580"}],"curies":[{"name":"wp","href":"https:\/\/api.w.org\/{rel}","templated":true}]}}