{"id":342591,"date":"2024-11-12T17:00:02","date_gmt":"2024-11-12T14:00:02","guid":{"rendered":"https:\/\/sana.sy\/es\/?p=342591"},"modified":"2024-11-12T18:30:06","modified_gmt":"2024-11-12T15:30:06","slug":"eslovenia-denuncia-continua-agresion-israeli-contra-gaza-y-el-libano-y-los-intentos-israelies-para-socavar-agencias-de-la-onu","status":"publish","type":"post","link":"https:\/\/archive.sana.sy\/es\/?p=342591","title":{"rendered":"Eslovenia denuncia barbaridades israel\u00edes en Gaza y el L\u00edbano"},"content":{"rendered":"<p style=\"text-align: justify\"><span style=\"color: #800000\"><strong>Liubliana, 12 nov (SANA)<\/strong> <\/span>La Ministra de Asuntos Exteriores de Eslovenia, Tanja Fajon, confirm\u00f3 que la entidad de ocupaci\u00f3n israel\u00ed est\u00e1 intentando consciente y abiertamente destruir las instituciones de las Naciones Unidas, especialmente la Agencia de Obras P\u00fablicas y Socorro de la ONU para los Refugiados Palestinos (UNRWA).<\/p>\n<p style=\"text-align: justify\">En una declaraci\u00f3n a la Radio y Televisi\u00f3n de Eslovenia, la Canciller eslovena destac\u00f3 que \u201csu pa\u00eds es uno de los primeros en exigir un embargo de armas para \u201cIsrael\u201d y est\u00e1 estudiando la posibilidad para impedir la importaci\u00f3n de productos de los territorios palestinos ocupados por esta entidad.<\/p>\n<p style=\"text-align: justify\">Describi\u00f3 la Franja de Gaza, como el \u201clugar m\u00e1s oscuro en el que se han producido p\u00e9rdidas en las vidas humanas despu\u00e9s de la segunda guerra mundial\u201d, denunciando el genocidio al que est\u00e1 sometido el pueblo palestino desde hace m\u00e1s de un a\u00f1o a manos de las fuerzas ocupantes israel\u00edes.<\/p>\n<p style=\"text-align: justify\">Asimismo expres\u00f3 la\u00a0 en\u00e9rgica condena de su pa\u00eds a la agresi\u00f3n israel\u00ed contra el L\u00edbano.<\/p>\n<p>&nbsp;<\/p>\n<p style=\"text-align: justify\">la<\/p>\n","protected":false},"excerpt":{"rendered":"<p>Liubliana, 12 nov (SANA) La Ministra de Asuntos Exteriores de Eslovenia, Tanja Fajon, confirm\u00f3 que la entidad de ocupaci\u00f3n israel\u00ed est\u00e1 intentando consciente y abiertamente destruir las instituciones de las Naciones Unidas, especialmente la Agencia de Obras P\u00fablicas y Socorro de la ONU para los Refugiados Palestinos (UNRWA). En una declaraci\u00f3n a la Radio y &hellip;<\/p>\n","protected":false},"author":24,"featured_media":342592,"comment_status":"closed","ping_status":"closed","sticky":false,"template":"","format":"standard","meta":{"footnotes":""},"categories":[597,456,20724,7541],"tags":[],"class_list":["post-342591","post","type-post","status-publish","format-standard","has-post-thumbnail","","category-cinta-de-noticias","category-arabe-internacional-politica","category-minuto-a-minuto","category-ultimas-noticias"],"_links":{"self":[{"href":"https:\/\/archive.sana.sy\/es\/index.php?rest_route=\/wp\/v2\/posts\/342591"}],"collection":[{"href":"https:\/\/archive.sana.sy\/es\/index.php?rest_route=\/wp\/v2\/posts"}],"about":[{"href":"https:\/\/archive.sana.sy\/es\/index.php?rest_route=\/wp\/v2\/types\/post"}],"author":[{"embeddable":true,"href":"https:\/\/archive.sana.sy\/es\/index.php?rest_route=\/wp\/v2\/users\/24"}],"replies":[{"embeddable":true,"href":"https:\/\/archive.sana.sy\/es\/index.php?rest_route=%2Fwp%2Fv2%2Fcomments&post=342591"}],"version-history":[{"count":4,"href":"https:\/\/archive.sana.sy\/es\/index.php?rest_route=\/wp\/v2\/posts\/342591\/revisions"}],"predecessor-version":[{"id":342596,"href":"https:\/\/archive.sana.sy\/es\/index.php?rest_route=\/wp\/v2\/posts\/342591\/revisions\/342596"}],"wp:featuredmedia":[{"embeddable":true,"href":"https:\/\/archive.sana.sy\/es\/index.php?rest_route=\/wp\/v2\/media\/342592"}],"wp:attachment":[{"href":"https:\/\/archive.sana.sy\/es\/index.php?rest_route=%2Fwp%2Fv2%2Fmedia&parent=342591"}],"wp:term":[{"taxonomy":"category","embeddable":true,"href":"https:\/\/archive.sana.sy\/es\/index.php?rest_route=%2Fwp%2Fv2%2Fcategories&post=342591"},{"taxonomy":"post_tag","embeddable":true,"href":"https:\/\/archive.sana.sy\/es\/index.php?rest_route=%2Fwp%2Fv2%2Ftags&post=342591"}],"curies":[{"name":"wp","href":"https:\/\/api.w.org\/{rel}","templated":true}]}}