{"id":342706,"date":"2024-11-13T20:02:04","date_gmt":"2024-11-13T17:02:04","guid":{"rendered":"https:\/\/sana.sy\/es\/?p=342706"},"modified":"2024-11-13T20:12:23","modified_gmt":"2024-11-13T17:12:23","slug":"nueva-promocion-de-cadetes-sirios-egresan-de-la-academia-naval","status":"publish","type":"post","link":"https:\/\/archive.sana.sy\/es\/?p=342706","title":{"rendered":"Ceremonia de graduaci\u00f3n de cadetes de la Academia Naval"},"content":{"rendered":"<p style=\"text-align: justify\"><span style=\"color: #800000\"><strong>Damasco, 13 nov (SANA)<\/strong> <\/span>Bajo el patrocinio del presidente Bashar Al-Assad, se efectu\u00f3 hoy la ceremonia de graduaci\u00f3n de un nuevo grupo de cadetes de la Academia Naval.<\/p>\n<p style=\"text-align: justify\">El jefe del Estado Mayor General, Abdulkarim Mahmoud Ibrahim, quien represent\u00f3 al presidente en el acto, pronunci\u00f3 un discurso en el que trasmiti\u00f3 las felicitaciones del mandatario a los cadetes graduados, as\u00ed como sus deseos de \u00e9xito en sus misiones futuras.<\/p>\n<p style=\"text-align: justify\">Afirm\u00f3 que Siria trabaja con los pa\u00edses amigos para detener las agresiones y los cr\u00edmenes israel\u00edes que se comenten en Palestina ocupada y el L\u00edbano.<\/p>\n<p style=\"text-align: justify\">El alto oficial alert\u00f3 de las repercusiones de estas agresiones sobre la seguridad y estabilidad de la regi\u00f3n y el mundo.<\/p>\n<p style=\"text-align: justify\">La ceremonia cont\u00f3 con la asistencia del general Serguei Kissel, comandante de las fuerzas rusas que operan en Siria, adem\u00e1s de altos oficiales del Comando General.<\/p>\n<div id='gallery-1' class='gallery galleryid-342706 gallery-columns-1 gallery-size-full'><figure class='gallery-item'>\n\t\t\t<div class='gallery-icon landscape'>\n\t\t\t\t<a href='https:\/\/archive.sana.sy\/es\/wp-content\/uploads\/2024\/11\/Ceremonia-de-graduacion-de-cadetes-de-la-Academia-Naval-2.jpg'><img loading=\"lazy\" decoding=\"async\" width=\"660\" height=\"495\" src=\"https:\/\/archive.sana.sy\/es\/wp-content\/uploads\/2024\/11\/Ceremonia-de-graduacion-de-cadetes-de-la-Academia-Naval-2.jpg\" class=\"attachment-full size-full\" alt=\"\" srcset=\"https:\/\/archive.sana.sy\/es\/wp-content\/uploads\/2024\/11\/Ceremonia-de-graduacion-de-cadetes-de-la-Academia-Naval-2.jpg 660w, https:\/\/archive.sana.sy\/es\/wp-content\/uploads\/2024\/11\/Ceremonia-de-graduacion-de-cadetes-de-la-Academia-Naval-2-300x225.jpg 300w, https:\/\/archive.sana.sy\/es\/wp-content\/uploads\/2024\/11\/Ceremonia-de-graduacion-de-cadetes-de-la-Academia-Naval-2-150x113.jpg 150w\" sizes=\"(max-width: 660px) 100vw, 660px\" \/><\/a>\n\t\t\t<\/div><\/figure><figure class='gallery-item'>\n\t\t\t<div class='gallery-icon landscape'>\n\t\t\t\t<a href='https:\/\/archive.sana.sy\/es\/wp-content\/uploads\/2024\/11\/Ceremonia-de-graduacion-de-cadetes-de-la-Academia-Naval-3.jpg'><img loading=\"lazy\" decoding=\"async\" width=\"660\" height=\"440\" src=\"https:\/\/archive.sana.sy\/es\/wp-content\/uploads\/2024\/11\/Ceremonia-de-graduacion-de-cadetes-de-la-Academia-Naval-3.jpg\" class=\"attachment-full size-full\" alt=\"\" srcset=\"https:\/\/archive.sana.sy\/es\/wp-content\/uploads\/2024\/11\/Ceremonia-de-graduacion-de-cadetes-de-la-Academia-Naval-3.jpg 660w, https:\/\/archive.sana.sy\/es\/wp-content\/uploads\/2024\/11\/Ceremonia-de-graduacion-de-cadetes-de-la-Academia-Naval-3-300x200.jpg 300w, https:\/\/archive.sana.sy\/es\/wp-content\/uploads\/2024\/11\/Ceremonia-de-graduacion-de-cadetes-de-la-Academia-Naval-3-150x100.jpg 150w\" sizes=\"(max-width: 660px) 100vw, 660px\" \/><\/a>\n\t\t\t<\/div><\/figure><figure class='gallery-item'>\n\t\t\t<div class='gallery-icon landscape'>\n\t\t\t\t<a href='https:\/\/archive.sana.sy\/es\/wp-content\/uploads\/2024\/11\/Ceremonia-de-graduacion-de-cadetes-de-la-Academia-Naval-6.jpg'><img loading=\"lazy\" decoding=\"async\" width=\"660\" height=\"440\" src=\"https:\/\/archive.sana.sy\/es\/wp-content\/uploads\/2024\/11\/Ceremonia-de-graduacion-de-cadetes-de-la-Academia-Naval-6.jpg\" class=\"attachment-full size-full\" alt=\"\" srcset=\"https:\/\/archive.sana.sy\/es\/wp-content\/uploads\/2024\/11\/Ceremonia-de-graduacion-de-cadetes-de-la-Academia-Naval-6.jpg 660w, https:\/\/archive.sana.sy\/es\/wp-content\/uploads\/2024\/11\/Ceremonia-de-graduacion-de-cadetes-de-la-Academia-Naval-6-300x200.jpg 300w, https:\/\/archive.sana.sy\/es\/wp-content\/uploads\/2024\/11\/Ceremonia-de-graduacion-de-cadetes-de-la-Academia-Naval-6-150x100.jpg 150w\" sizes=\"(max-width: 660px) 100vw, 660px\" \/><\/a>\n\t\t\t<\/div><\/figure><figure class='gallery-item'>\n\t\t\t<div class='gallery-icon landscape'>\n\t\t\t\t<a href='https:\/\/archive.sana.sy\/es\/wp-content\/uploads\/2024\/11\/Ceremonia-de-graduacion-de-cadetes-de-la-Academia-Naval-4.jpg'><img loading=\"lazy\" decoding=\"async\" width=\"660\" height=\"440\" src=\"https:\/\/archive.sana.sy\/es\/wp-content\/uploads\/2024\/11\/Ceremonia-de-graduacion-de-cadetes-de-la-Academia-Naval-4.jpg\" class=\"attachment-full size-full\" alt=\"\" srcset=\"https:\/\/archive.sana.sy\/es\/wp-content\/uploads\/2024\/11\/Ceremonia-de-graduacion-de-cadetes-de-la-Academia-Naval-4.jpg 660w, https:\/\/archive.sana.sy\/es\/wp-content\/uploads\/2024\/11\/Ceremonia-de-graduacion-de-cadetes-de-la-Academia-Naval-4-300x200.jpg 300w, https:\/\/archive.sana.sy\/es\/wp-content\/uploads\/2024\/11\/Ceremonia-de-graduacion-de-cadetes-de-la-Academia-Naval-4-150x100.jpg 150w\" sizes=\"(max-width: 660px) 100vw, 660px\" \/><\/a>\n\t\t\t<\/div><\/figure><figure class='gallery-item'>\n\t\t\t<div class='gallery-icon landscape'>\n\t\t\t\t<a href='https:\/\/archive.sana.sy\/es\/wp-content\/uploads\/2024\/11\/Ceremonia-de-graduacion-de-cadetes-de-la-Academia-Naval-1.jpg'><img loading=\"lazy\" decoding=\"async\" width=\"660\" height=\"529\" src=\"https:\/\/archive.sana.sy\/es\/wp-content\/uploads\/2024\/11\/Ceremonia-de-graduacion-de-cadetes-de-la-Academia-Naval-1.jpg\" class=\"attachment-full size-full\" alt=\"\" srcset=\"https:\/\/archive.sana.sy\/es\/wp-content\/uploads\/2024\/11\/Ceremonia-de-graduacion-de-cadetes-de-la-Academia-Naval-1.jpg 660w, https:\/\/archive.sana.sy\/es\/wp-content\/uploads\/2024\/11\/Ceremonia-de-graduacion-de-cadetes-de-la-Academia-Naval-1-300x240.jpg 300w, https:\/\/archive.sana.sy\/es\/wp-content\/uploads\/2024\/11\/Ceremonia-de-graduacion-de-cadetes-de-la-Academia-Naval-1-150x120.jpg 150w\" sizes=\"(max-width: 660px) 100vw, 660px\" \/><\/a>\n\t\t\t<\/div><\/figure><figure class='gallery-item'>\n\t\t\t<div class='gallery-icon landscape'>\n\t\t\t\t<a href='https:\/\/archive.sana.sy\/es\/wp-content\/uploads\/2024\/11\/Ceremonia-de-graduacion-de-cadetes-de-la-Academia-Naval-7.jpg'><img loading=\"lazy\" decoding=\"async\" width=\"660\" height=\"440\" src=\"https:\/\/archive.sana.sy\/es\/wp-content\/uploads\/2024\/11\/Ceremonia-de-graduacion-de-cadetes-de-la-Academia-Naval-7.jpg\" class=\"attachment-full size-full\" alt=\"\" srcset=\"https:\/\/archive.sana.sy\/es\/wp-content\/uploads\/2024\/11\/Ceremonia-de-graduacion-de-cadetes-de-la-Academia-Naval-7.jpg 660w, https:\/\/archive.sana.sy\/es\/wp-content\/uploads\/2024\/11\/Ceremonia-de-graduacion-de-cadetes-de-la-Academia-Naval-7-300x200.jpg 300w, https:\/\/archive.sana.sy\/es\/wp-content\/uploads\/2024\/11\/Ceremonia-de-graduacion-de-cadetes-de-la-Academia-Naval-7-150x100.jpg 150w\" sizes=\"(max-width: 660px) 100vw, 660px\" \/><\/a>\n\t\t\t<\/div><\/figure><figure class='gallery-item'>\n\t\t\t<div class='gallery-icon landscape'>\n\t\t\t\t<a href='https:\/\/archive.sana.sy\/es\/wp-content\/uploads\/2024\/11\/Ceremonia-de-graduacion-de-cadetes-de-la-Academia-Naval-8.jpg'><img loading=\"lazy\" decoding=\"async\" width=\"660\" height=\"440\" src=\"https:\/\/archive.sana.sy\/es\/wp-content\/uploads\/2024\/11\/Ceremonia-de-graduacion-de-cadetes-de-la-Academia-Naval-8.jpg\" class=\"attachment-full size-full\" alt=\"\" srcset=\"https:\/\/archive.sana.sy\/es\/wp-content\/uploads\/2024\/11\/Ceremonia-de-graduacion-de-cadetes-de-la-Academia-Naval-8.jpg 660w, https:\/\/archive.sana.sy\/es\/wp-content\/uploads\/2024\/11\/Ceremonia-de-graduacion-de-cadetes-de-la-Academia-Naval-8-300x200.jpg 300w, https:\/\/archive.sana.sy\/es\/wp-content\/uploads\/2024\/11\/Ceremonia-de-graduacion-de-cadetes-de-la-Academia-Naval-8-150x100.jpg 150w\" sizes=\"(max-width: 660px) 100vw, 660px\" \/><\/a>\n\t\t\t<\/div><\/figure><figure class='gallery-item'>\n\t\t\t<div class='gallery-icon portrait'>\n\t\t\t\t<a href='https:\/\/archive.sana.sy\/es\/wp-content\/uploads\/2024\/11\/Ceremonia-de-graduacion-de-cadetes-de-la-Academia-Naval-5.jpg'><img loading=\"lazy\" decoding=\"async\" width=\"660\" height=\"990\" src=\"https:\/\/archive.sana.sy\/es\/wp-content\/uploads\/2024\/11\/Ceremonia-de-graduacion-de-cadetes-de-la-Academia-Naval-5.jpg\" class=\"attachment-full size-full\" alt=\"\" srcset=\"https:\/\/archive.sana.sy\/es\/wp-content\/uploads\/2024\/11\/Ceremonia-de-graduacion-de-cadetes-de-la-Academia-Naval-5.jpg 660w, https:\/\/archive.sana.sy\/es\/wp-content\/uploads\/2024\/11\/Ceremonia-de-graduacion-de-cadetes-de-la-Academia-Naval-5-200x300.jpg 200w, https:\/\/archive.sana.sy\/es\/wp-content\/uploads\/2024\/11\/Ceremonia-de-graduacion-de-cadetes-de-la-Academia-Naval-5-100x150.jpg 100w\" sizes=\"(max-width: 660px) 100vw, 660px\" \/><\/a>\n\t\t\t<\/div><\/figure>\n\t\t<\/div>\n\n<p style=\"text-align: justify\">la<\/p>\n","protected":false},"excerpt":{"rendered":"<p>Damasco, 13 nov (SANA) Bajo el patrocinio del presidente Bashar Al-Assad, se efectu\u00f3 hoy la ceremonia de graduaci\u00f3n de un nuevo grupo de cadetes de la Academia Naval. El jefe del Estado Mayor General, Abdulkarim Mahmoud Ibrahim, quien represent\u00f3 al presidente en el acto, pronunci\u00f3 un discurso en el que trasmiti\u00f3 las felicitaciones del mandatario &hellip;<\/p>\n","protected":false},"author":24,"featured_media":342707,"comment_status":"closed","ping_status":"closed","sticky":false,"template":"","format":"standard","meta":{"footnotes":""},"categories":[477,597,20724,476,583],"tags":[],"class_list":["post-342706","post","type-post","status-publish","format-standard","has-post-thumbnail","","category-noticias-edulcorantes","category-cinta-de-noticias","category-minuto-a-minuto","category-locales","category-slide"],"_links":{"self":[{"href":"https:\/\/archive.sana.sy\/es\/index.php?rest_route=\/wp\/v2\/posts\/342706"}],"collection":[{"href":"https:\/\/archive.sana.sy\/es\/index.php?rest_route=\/wp\/v2\/posts"}],"about":[{"href":"https:\/\/archive.sana.sy\/es\/index.php?rest_route=\/wp\/v2\/types\/post"}],"author":[{"embeddable":true,"href":"https:\/\/archive.sana.sy\/es\/index.php?rest_route=\/wp\/v2\/users\/24"}],"replies":[{"embeddable":true,"href":"https:\/\/archive.sana.sy\/es\/index.php?rest_route=%2Fwp%2Fv2%2Fcomments&post=342706"}],"version-history":[{"count":5,"href":"https:\/\/archive.sana.sy\/es\/index.php?rest_route=\/wp\/v2\/posts\/342706\/revisions"}],"predecessor-version":[{"id":342720,"href":"https:\/\/archive.sana.sy\/es\/index.php?rest_route=\/wp\/v2\/posts\/342706\/revisions\/342720"}],"wp:featuredmedia":[{"embeddable":true,"href":"https:\/\/archive.sana.sy\/es\/index.php?rest_route=\/wp\/v2\/media\/342707"}],"wp:attachment":[{"href":"https:\/\/archive.sana.sy\/es\/index.php?rest_route=%2Fwp%2Fv2%2Fmedia&parent=342706"}],"wp:term":[{"taxonomy":"category","embeddable":true,"href":"https:\/\/archive.sana.sy\/es\/index.php?rest_route=%2Fwp%2Fv2%2Fcategories&post=342706"},{"taxonomy":"post_tag","embeddable":true,"href":"https:\/\/archive.sana.sy\/es\/index.php?rest_route=%2Fwp%2Fv2%2Ftags&post=342706"}],"curies":[{"name":"wp","href":"https:\/\/api.w.org\/{rel}","templated":true}]}}