{"id":342733,"date":"2024-11-14T09:22:47","date_gmt":"2024-11-14T06:22:47","guid":{"rendered":"https:\/\/sana.sy\/es\/?p=342733"},"modified":"2024-11-14T09:22:47","modified_gmt":"2024-11-14T06:22:47","slug":"larijani-inicia-visita-a-siria","status":"publish","type":"post","link":"https:\/\/archive.sana.sy\/es\/?p=342733","title":{"rendered":"Larijani inicia visita a Siria"},"content":{"rendered":"<p style=\"text-align: justify;\"><span style=\"color: #800000;\"><strong>Damasco, 14 nov (SANA)\u00a0<\/strong> <\/span>\u00a0El principal asesor del L\u00edder de la Revoluci\u00f3n Isl\u00e1mica de Ir\u00e1n y miembro en el Consejo de Discernimiento de Conveniencia en Ir\u00e1n, Ali Larijani, visita hoy a Damasco, donde sostendr\u00e1 conversaciones con los funcionarios sirios.<\/p>\n<p style=\"text-align: justify;\">Larijani encabeza una delegaci\u00f3n oficial cuyas reuniones se centran en la situaci\u00f3n actual en la regi\u00f3n y las relaciones sirio-iran\u00edes.<\/p>\n<p style=\"text-align: justify;\"><span style=\"color: #800000;\"><strong>fm\/ws<\/strong><\/span><\/p>\n","protected":false},"excerpt":{"rendered":"<p>Damasco, 14 nov (SANA)\u00a0 \u00a0El principal asesor del L\u00edder de la Revoluci\u00f3n Isl\u00e1mica de Ir\u00e1n y miembro en el Consejo de Discernimiento de Conveniencia en Ir\u00e1n, Ali Larijani, visita hoy a Damasco, donde sostendr\u00e1 conversaciones con los funcionarios sirios. Larijani encabeza una delegaci\u00f3n oficial cuyas reuniones se centran en la situaci\u00f3n actual en la regi\u00f3n &hellip;<\/p>\n","protected":false},"author":35,"featured_media":342734,"comment_status":"closed","ping_status":"closed","sticky":false,"template":"","format":"standard","meta":{"footnotes":""},"categories":[477,597,20724,16688,476,7541],"tags":[],"class_list":["post-342733","post","type-post","status-publish","format-standard","has-post-thumbnail","","category-noticias-edulcorantes","category-cinta-de-noticias","category-minuto-a-minuto","category-nacionales","category-locales","category-ultimas-noticias"],"_links":{"self":[{"href":"https:\/\/archive.sana.sy\/es\/index.php?rest_route=\/wp\/v2\/posts\/342733"}],"collection":[{"href":"https:\/\/archive.sana.sy\/es\/index.php?rest_route=\/wp\/v2\/posts"}],"about":[{"href":"https:\/\/archive.sana.sy\/es\/index.php?rest_route=\/wp\/v2\/types\/post"}],"author":[{"embeddable":true,"href":"https:\/\/archive.sana.sy\/es\/index.php?rest_route=\/wp\/v2\/users\/35"}],"replies":[{"embeddable":true,"href":"https:\/\/archive.sana.sy\/es\/index.php?rest_route=%2Fwp%2Fv2%2Fcomments&post=342733"}],"version-history":[{"count":1,"href":"https:\/\/archive.sana.sy\/es\/index.php?rest_route=\/wp\/v2\/posts\/342733\/revisions"}],"predecessor-version":[{"id":342735,"href":"https:\/\/archive.sana.sy\/es\/index.php?rest_route=\/wp\/v2\/posts\/342733\/revisions\/342735"}],"wp:featuredmedia":[{"embeddable":true,"href":"https:\/\/archive.sana.sy\/es\/index.php?rest_route=\/wp\/v2\/media\/342734"}],"wp:attachment":[{"href":"https:\/\/archive.sana.sy\/es\/index.php?rest_route=%2Fwp%2Fv2%2Fmedia&parent=342733"}],"wp:term":[{"taxonomy":"category","embeddable":true,"href":"https:\/\/archive.sana.sy\/es\/index.php?rest_route=%2Fwp%2Fv2%2Fcategories&post=342733"},{"taxonomy":"post_tag","embeddable":true,"href":"https:\/\/archive.sana.sy\/es\/index.php?rest_route=%2Fwp%2Fv2%2Ftags&post=342733"}],"curies":[{"name":"wp","href":"https:\/\/api.w.org\/{rel}","templated":true}]}}