{"id":342736,"date":"2024-11-14T09:35:41","date_gmt":"2024-11-14T06:35:41","guid":{"rendered":"https:\/\/sana.sy\/es\/?p=342736"},"modified":"2024-11-14T09:48:18","modified_gmt":"2024-11-14T06:48:18","slug":"libano-78-muertos-y-122-heridos-en-nueva-jornada-de-agresiones-israelies","status":"publish","type":"post","link":"https:\/\/archive.sana.sy\/es\/?p=342736","title":{"rendered":"L\u00edbano: 78 muertos y 122 heridos en nueva jornada de agresiones israel\u00edes"},"content":{"rendered":"<p style=\"text-align: justify;\"><span style=\"color: #800000;\"><strong>Beirut, 14 nov (SANA)\u00a0<\/strong><\/span> \u00a0El Ministerio de Salud liban\u00e9s anunci\u00f3 hoy que 78 personas perdieron la vida y 122 resultaron heridas, por los bombardeos israel\u00edes durante el \u00faltimo d\u00eda contra el L\u00edbano.<\/p>\n<p style=\"text-align: justify;\">Citado por la Agencia Nacional Libanesa de Noticias, el Centro de Operaciones de Emergencia del Ministerio inform\u00f3 que el saldo total de v\u00edctimas desde el inicio de la agresi\u00f3n sionista ascendi\u00f3 a 3.365 muertos y 14.344 heridos.<\/p>\n<p style=\"text-align: justify;\">En las \u00faltimas horas, 24 personas perecieron y m\u00e1s de 36 resultaron heridas por ataques a\u00e9reos contra la ciudad de Joun en el distrito de Chouf, la ciudad de Tiro y Dohat Aramoun en el Monte L\u00edbano.<\/p>\n<p style=\"text-align: justify;\"><span style=\"color: #800000;\"><strong>fm\/ws<\/strong><\/span><\/p>\n","protected":false},"excerpt":{"rendered":"<p>Beirut, 14 nov (SANA)\u00a0 \u00a0El Ministerio de Salud liban\u00e9s anunci\u00f3 hoy que 78 personas perdieron la vida y 122 resultaron heridas, por los bombardeos israel\u00edes durante el \u00faltimo d\u00eda contra el L\u00edbano. Citado por la Agencia Nacional Libanesa de Noticias, el Centro de Operaciones de Emergencia del Ministerio inform\u00f3 que el saldo total de v\u00edctimas &hellip;<\/p>\n","protected":false},"author":35,"featured_media":342741,"comment_status":"closed","ping_status":"closed","sticky":false,"template":"","format":"standard","meta":{"footnotes":""},"categories":[597,456,16687,20724,583],"tags":[],"class_list":["post-342736","post","type-post","status-publish","format-standard","has-post-thumbnail","","category-cinta-de-noticias","category-arabe-internacional-politica","category-internacionales","category-minuto-a-minuto","category-slide"],"_links":{"self":[{"href":"https:\/\/archive.sana.sy\/es\/index.php?rest_route=\/wp\/v2\/posts\/342736"}],"collection":[{"href":"https:\/\/archive.sana.sy\/es\/index.php?rest_route=\/wp\/v2\/posts"}],"about":[{"href":"https:\/\/archive.sana.sy\/es\/index.php?rest_route=\/wp\/v2\/types\/post"}],"author":[{"embeddable":true,"href":"https:\/\/archive.sana.sy\/es\/index.php?rest_route=\/wp\/v2\/users\/35"}],"replies":[{"embeddable":true,"href":"https:\/\/archive.sana.sy\/es\/index.php?rest_route=%2Fwp%2Fv2%2Fcomments&post=342736"}],"version-history":[{"count":2,"href":"https:\/\/archive.sana.sy\/es\/index.php?rest_route=\/wp\/v2\/posts\/342736\/revisions"}],"predecessor-version":[{"id":342739,"href":"https:\/\/archive.sana.sy\/es\/index.php?rest_route=\/wp\/v2\/posts\/342736\/revisions\/342739"}],"wp:featuredmedia":[{"embeddable":true,"href":"https:\/\/archive.sana.sy\/es\/index.php?rest_route=\/wp\/v2\/media\/342741"}],"wp:attachment":[{"href":"https:\/\/archive.sana.sy\/es\/index.php?rest_route=%2Fwp%2Fv2%2Fmedia&parent=342736"}],"wp:term":[{"taxonomy":"category","embeddable":true,"href":"https:\/\/archive.sana.sy\/es\/index.php?rest_route=%2Fwp%2Fv2%2Fcategories&post=342736"},{"taxonomy":"post_tag","embeddable":true,"href":"https:\/\/archive.sana.sy\/es\/index.php?rest_route=%2Fwp%2Fv2%2Ftags&post=342736"}],"curies":[{"name":"wp","href":"https:\/\/api.w.org\/{rel}","templated":true}]}}