{"id":342775,"date":"2024-11-14T14:32:49","date_gmt":"2024-11-14T11:32:49","guid":{"rendered":"https:\/\/sana.sy\/es\/?p=342775"},"modified":"2024-11-14T14:32:49","modified_gmt":"2024-11-14T11:32:49","slug":"%f0%9f%87%b5%f0%9f%87%b8-gaza-el-saldo-total-de-victimas-en-gaza-durante-405-dias-de-agresion-israeli-aumento-a-43-736-muertos-y-103-370-heridos","status":"publish","type":"post","link":"https:\/\/archive.sana.sy\/es\/?p=342775","title":{"rendered":"&#x1f1f5;&#x1f1f8; GAZA| El saldo total de v\u00edctimas en Gaza durante 405 d\u00edas de agresi\u00f3n israel\u00ed, aument\u00f3 a 43.736 muertos y 103.370 heridos"},"content":{"rendered":"","protected":false},"excerpt":{"rendered":"","protected":false},"author":32,"featured_media":0,"comment_status":"closed","ping_status":"closed","sticky":false,"template":"","format":"standard","meta":{"footnotes":""},"categories":[20724],"tags":[],"class_list":["post-342775","post","type-post","status-publish","format-standard","","category-minuto-a-minuto"],"_links":{"self":[{"href":"https:\/\/archive.sana.sy\/es\/index.php?rest_route=\/wp\/v2\/posts\/342775"}],"collection":[{"href":"https:\/\/archive.sana.sy\/es\/index.php?rest_route=\/wp\/v2\/posts"}],"about":[{"href":"https:\/\/archive.sana.sy\/es\/index.php?rest_route=\/wp\/v2\/types\/post"}],"author":[{"embeddable":true,"href":"https:\/\/archive.sana.sy\/es\/index.php?rest_route=\/wp\/v2\/users\/32"}],"replies":[{"embeddable":true,"href":"https:\/\/archive.sana.sy\/es\/index.php?rest_route=%2Fwp%2Fv2%2Fcomments&post=342775"}],"version-history":[{"count":1,"href":"https:\/\/archive.sana.sy\/es\/index.php?rest_route=\/wp\/v2\/posts\/342775\/revisions"}],"predecessor-version":[{"id":342776,"href":"https:\/\/archive.sana.sy\/es\/index.php?rest_route=\/wp\/v2\/posts\/342775\/revisions\/342776"}],"wp:attachment":[{"href":"https:\/\/archive.sana.sy\/es\/index.php?rest_route=%2Fwp%2Fv2%2Fmedia&parent=342775"}],"wp:term":[{"taxonomy":"category","embeddable":true,"href":"https:\/\/archive.sana.sy\/es\/index.php?rest_route=%2Fwp%2Fv2%2Fcategories&post=342775"},{"taxonomy":"post_tag","embeddable":true,"href":"https:\/\/archive.sana.sy\/es\/index.php?rest_route=%2Fwp%2Fv2%2Ftags&post=342775"}],"curies":[{"name":"wp","href":"https:\/\/api.w.org\/{rel}","templated":true}]}}