{"id":342833,"date":"2024-11-14T20:20:19","date_gmt":"2024-11-14T17:20:19","guid":{"rendered":"https:\/\/sana.sy\/es\/?p=342833"},"modified":"2024-11-14T20:20:19","modified_gmt":"2024-11-14T17:20:19","slug":"union-europea-sugiere-suspender-el-dialogo-con-israel-por-sus-continuas-masacres-en-gaza","status":"publish","type":"post","link":"https:\/\/archive.sana.sy\/es\/?p=342833","title":{"rendered":"Uni\u00f3n Europea sugiere suspender el di\u00e1logo con \u201cIsrael\u201d por sus continuas masacres en Gaza"},"content":{"rendered":"<p style=\"text-align: justify;\"><span style=\"color: #800000;\"><strong>Bruselas, 14 nov (SANA)<\/strong><\/span> El responsable de Pol\u00edtica Exterior de la Uni\u00f3n Europea, Josep Borrell, propuso a los veintisiete Estados miembros suspender el di\u00e1logo pol\u00edtico entre el bloque y la entidad israel\u00ed ante las continuas masacres que comete contra los palestinos en la Franja de Gaza.<\/p>\n<p style=\"text-align: justify;\">Fuentes diplom\u00e1ticas citaron a la Agencia France-Presse que Borrell present\u00f3 esta propuesta antes de una reuni\u00f3n de ministros de Asuntos Exteriores de la Uni\u00f3n Europea prevista para el pr\u00f3ximo lunes en Bruselas, y se\u00f1alaron que la distribuy\u00f3 a los delegados de los Estados miembros de la Uni\u00f3n.<\/p>\n<p style=\"text-align: justify;\">El pasado mes de mayo, los pa\u00edses de la Uni\u00f3n Europea acordaron celebrar una reuni\u00f3n del Consejo de Asociaci\u00f3n entre la entidad israel\u00ed y la Uni\u00f3n para considerar, en particular, la situaci\u00f3n de los derechos humanos en Gaza, pero esta reuni\u00f3n a\u00fan no se ha organizado debido a una disputa sobre su agenda, lo que motiv\u00f3 a Borrell a presentar esta propuesta.<\/p>\n<p style=\"text-align: justify;\">Los di\u00e1logos pol\u00edticos se celebran en el marco del Acuerdo de Asociaci\u00f3n entre \u201cIsrael\u201d y la Uni\u00f3n Europea, que entr\u00f3 en vigor en junio de 2000.<\/p>\n<p style=\"text-align: justify;\">La cuesti\u00f3n de las relaciones con \u201cIsrael\u201d plantea una divisi\u00f3n entre los pa\u00edses de la Uni\u00f3n, ya que varios pa\u00edses exigen el fin de la actual agresi\u00f3n israel\u00ed contra Gaza y buscan establecer un Estado palestino, mientras que otros pa\u00edses se ponen completamente a favor de la entidad ocupante y sus posiciones.<\/p>\n<p style=\"text-align: justify;\">ahs\/fm<\/p>\n","protected":false},"excerpt":{"rendered":"<p>Bruselas, 14 nov (SANA) El responsable de Pol\u00edtica Exterior de la Uni\u00f3n Europea, Josep Borrell, propuso a los veintisiete Estados miembros suspender el di\u00e1logo pol\u00edtico entre el bloque y la entidad israel\u00ed ante las continuas masacres que comete contra los palestinos en la Franja de Gaza. Fuentes diplom\u00e1ticas citaron a la Agencia France-Presse que Borrell &hellip;<\/p>\n","protected":false},"author":43,"featured_media":342834,"comment_status":"closed","ping_status":"closed","sticky":false,"template":"","format":"standard","meta":{"footnotes":""},"categories":[597,456,16687,20724,7541],"tags":[],"class_list":["post-342833","post","type-post","status-publish","format-standard","has-post-thumbnail","","category-cinta-de-noticias","category-arabe-internacional-politica","category-internacionales","category-minuto-a-minuto","category-ultimas-noticias"],"_links":{"self":[{"href":"https:\/\/archive.sana.sy\/es\/index.php?rest_route=\/wp\/v2\/posts\/342833"}],"collection":[{"href":"https:\/\/archive.sana.sy\/es\/index.php?rest_route=\/wp\/v2\/posts"}],"about":[{"href":"https:\/\/archive.sana.sy\/es\/index.php?rest_route=\/wp\/v2\/types\/post"}],"author":[{"embeddable":true,"href":"https:\/\/archive.sana.sy\/es\/index.php?rest_route=\/wp\/v2\/users\/43"}],"replies":[{"embeddable":true,"href":"https:\/\/archive.sana.sy\/es\/index.php?rest_route=%2Fwp%2Fv2%2Fcomments&post=342833"}],"version-history":[{"count":1,"href":"https:\/\/archive.sana.sy\/es\/index.php?rest_route=\/wp\/v2\/posts\/342833\/revisions"}],"predecessor-version":[{"id":342835,"href":"https:\/\/archive.sana.sy\/es\/index.php?rest_route=\/wp\/v2\/posts\/342833\/revisions\/342835"}],"wp:featuredmedia":[{"embeddable":true,"href":"https:\/\/archive.sana.sy\/es\/index.php?rest_route=\/wp\/v2\/media\/342834"}],"wp:attachment":[{"href":"https:\/\/archive.sana.sy\/es\/index.php?rest_route=%2Fwp%2Fv2%2Fmedia&parent=342833"}],"wp:term":[{"taxonomy":"category","embeddable":true,"href":"https:\/\/archive.sana.sy\/es\/index.php?rest_route=%2Fwp%2Fv2%2Fcategories&post=342833"},{"taxonomy":"post_tag","embeddable":true,"href":"https:\/\/archive.sana.sy\/es\/index.php?rest_route=%2Fwp%2Fv2%2Ftags&post=342833"}],"curies":[{"name":"wp","href":"https:\/\/api.w.org\/{rel}","templated":true}]}}