{"id":342857,"date":"2024-11-15T11:27:07","date_gmt":"2024-11-15T08:27:07","guid":{"rendered":"https:\/\/sana.sy\/es\/?p=342857"},"modified":"2024-11-15T11:27:07","modified_gmt":"2024-11-15T08:27:07","slug":"siria-y-cuba-abordan-fortalecer-la-cooperacion-en-el-sector-salud","status":"publish","type":"post","link":"https:\/\/archive.sana.sy\/es\/?p=342857","title":{"rendered":"Siria y Cuba abordan fortalecer la cooperaci\u00f3n en el sector salud"},"content":{"rendered":"<p style=\"text-align: justify;\"><span style=\"color: #800000;\"><strong>La Habana, 15 nov (SANA) \u00a0<\/strong><\/span>El ministro de Salud P\u00fablica de Cuba, Jos\u00e9 \u00c1ngel Portal Miranda, mantuvo este jueves una reuni\u00f3n con el embajador de Siria en La Habana, Ghassan Obeid, para explorar formas de desarrollar y reforzar la cooperaci\u00f3n bilateral en el \u00e1mbito de salud entre ambos pa\u00edses.<\/p>\n<p style=\"text-align: justify;\">Durante la reuni\u00f3n, celebrada en la sede del Ministerio de Salud P\u00fablica en la capital cubana, ambos funcionarios destacaron la importancia de actualizar y poner en marcha el acuerdo firmado en 2018 entre los Ministerios de Salud de Siria y Cuba, con el objetivo de fortalecer los lazos en \u00e1reas como la salud p\u00fablica y la industria farmac\u00e9utica en beneficio de los pueblos de ambos pa\u00edses.<\/p>\n<p style=\"text-align: justify;\">Asimismo, reiteraron su condena al criminal bloqueo impuesto por Estados Unidos, as\u00ed como a las medidas coercitivas unilaterales que afectan tanto a Siria como a Cuba, las cuales consideran responsables de las dif\u00edciles condiciones que enfrentan ambos pueblos.<\/p>\n<p style=\"text-align: justify;\"><em><strong>ah<\/strong><\/em><\/p>\n","protected":false},"excerpt":{"rendered":"<p>La Habana, 15 nov (SANA) \u00a0El ministro de Salud P\u00fablica de Cuba, Jos\u00e9 \u00c1ngel Portal Miranda, mantuvo este jueves una reuni\u00f3n con el embajador de Siria en La Habana, Ghassan Obeid, para explorar formas de desarrollar y reforzar la cooperaci\u00f3n bilateral en el \u00e1mbito de salud entre ambos pa\u00edses. Durante la reuni\u00f3n, celebrada en la &hellip;<\/p>\n","protected":false},"author":30,"featured_media":342859,"comment_status":"closed","ping_status":"closed","sticky":false,"template":"","format":"standard","meta":{"footnotes":""},"categories":[597,20724,467,7541],"tags":[],"class_list":["post-342857","post","type-post","status-publish","format-standard","has-post-thumbnail","","category-cinta-de-noticias","category-minuto-a-minuto","category-siria-y-el-mundo","category-ultimas-noticias"],"_links":{"self":[{"href":"https:\/\/archive.sana.sy\/es\/index.php?rest_route=\/wp\/v2\/posts\/342857"}],"collection":[{"href":"https:\/\/archive.sana.sy\/es\/index.php?rest_route=\/wp\/v2\/posts"}],"about":[{"href":"https:\/\/archive.sana.sy\/es\/index.php?rest_route=\/wp\/v2\/types\/post"}],"author":[{"embeddable":true,"href":"https:\/\/archive.sana.sy\/es\/index.php?rest_route=\/wp\/v2\/users\/30"}],"replies":[{"embeddable":true,"href":"https:\/\/archive.sana.sy\/es\/index.php?rest_route=%2Fwp%2Fv2%2Fcomments&post=342857"}],"version-history":[{"count":1,"href":"https:\/\/archive.sana.sy\/es\/index.php?rest_route=\/wp\/v2\/posts\/342857\/revisions"}],"predecessor-version":[{"id":342860,"href":"https:\/\/archive.sana.sy\/es\/index.php?rest_route=\/wp\/v2\/posts\/342857\/revisions\/342860"}],"wp:featuredmedia":[{"embeddable":true,"href":"https:\/\/archive.sana.sy\/es\/index.php?rest_route=\/wp\/v2\/media\/342859"}],"wp:attachment":[{"href":"https:\/\/archive.sana.sy\/es\/index.php?rest_route=%2Fwp%2Fv2%2Fmedia&parent=342857"}],"wp:term":[{"taxonomy":"category","embeddable":true,"href":"https:\/\/archive.sana.sy\/es\/index.php?rest_route=%2Fwp%2Fv2%2Fcategories&post=342857"},{"taxonomy":"post_tag","embeddable":true,"href":"https:\/\/archive.sana.sy\/es\/index.php?rest_route=%2Fwp%2Fv2%2Ftags&post=342857"}],"curies":[{"name":"wp","href":"https:\/\/api.w.org\/{rel}","templated":true}]}}