{"id":342866,"date":"2024-11-15T14:11:44","date_gmt":"2024-11-15T11:11:44","guid":{"rendered":"https:\/\/sana.sy\/es\/?p=342866"},"modified":"2024-11-15T14:13:25","modified_gmt":"2024-11-15T11:13:25","slug":"israel-ataca-un-centro-de-defensa-civil-en-libano-y-mata-a-13-personas","status":"publish","type":"post","link":"https:\/\/archive.sana.sy\/es\/?p=342866","title":{"rendered":"Israel ataca un centro de defensa civil en L\u00edbano y mata a 13 personas"},"content":{"rendered":"<p style=\"text-align: justify;\"><span style=\"color: #800000;\"><strong>Beirut, 15 nov (SANA)<\/strong><\/span>\u00a0\u00a0 El n\u00famero de muertos por el bombardeo israel\u00ed contra el Centro Regional de Defensa Civil de Baalbek en el L\u00edbano aument\u00f3 a 13, divulg\u00f3 la Agencia Nacional Libanesa de Noticias.<\/p>\n<p style=\"text-align: justify;\">Aclar\u00f3 que entre las v\u00edctimas figura el jefe del centro, Bilal Raad.<\/p>\n<p style=\"text-align: justify;\">Durante este viernes, \u201cIsrael\u201d continu\u00f3 sus ataques a\u00e9reos contra ciudades y pueblos del L\u00edbano, y sus cazas atacaron edificios residenciales en la zona de Ghobeiry, en el suburbio sur de Beirut.<\/p>\n<p style=\"text-align: justify;\">Asimismo, los aviones de reconocimiento y espionaje siguen sobrevolando la capital libanesa, y un dron israel\u00ed lanz\u00f3 un misil guiado en la carretera de la ciudad Kafr Rumman-Wadi Al-Akhdar.<\/p>\n<p style=\"text-align: justify;\">Mientras tanto, en Nabatieh, en el sur del L\u00edbano, se perpetraron ataques en las afueras de Balat y la ciudad de Khiam en el r\u00edo Litani.<\/p>\n<p style=\"text-align: justify;\">La v\u00edspera, la aviaci\u00f3n b\u00e9lica israel\u00ed atac\u00f3 el barrio de Al-Shaab en Baalbek, matando a ocho civiles e hiriendo a otros 20.<\/p>\n<p style=\"text-align: justify;\">fm<\/p>\n","protected":false},"excerpt":{"rendered":"<p>Beirut, 15 nov (SANA)\u00a0\u00a0 El n\u00famero de muertos por el bombardeo israel\u00ed contra el Centro Regional de Defensa Civil de Baalbek en el L\u00edbano aument\u00f3 a 13, divulg\u00f3 la Agencia Nacional Libanesa de Noticias. Aclar\u00f3 que entre las v\u00edctimas figura el jefe del centro, Bilal Raad. Durante este viernes, \u201cIsrael\u201d continu\u00f3 sus ataques a\u00e9reos contra &hellip;<\/p>\n","protected":false},"author":34,"featured_media":342867,"comment_status":"closed","ping_status":"closed","sticky":false,"template":"","format":"standard","meta":{"footnotes":""},"categories":[597,456,20724,583],"tags":[],"class_list":["post-342866","post","type-post","status-publish","format-standard","has-post-thumbnail","","category-cinta-de-noticias","category-arabe-internacional-politica","category-minuto-a-minuto","category-slide"],"_links":{"self":[{"href":"https:\/\/archive.sana.sy\/es\/index.php?rest_route=\/wp\/v2\/posts\/342866"}],"collection":[{"href":"https:\/\/archive.sana.sy\/es\/index.php?rest_route=\/wp\/v2\/posts"}],"about":[{"href":"https:\/\/archive.sana.sy\/es\/index.php?rest_route=\/wp\/v2\/types\/post"}],"author":[{"embeddable":true,"href":"https:\/\/archive.sana.sy\/es\/index.php?rest_route=\/wp\/v2\/users\/34"}],"replies":[{"embeddable":true,"href":"https:\/\/archive.sana.sy\/es\/index.php?rest_route=%2Fwp%2Fv2%2Fcomments&post=342866"}],"version-history":[{"count":2,"href":"https:\/\/archive.sana.sy\/es\/index.php?rest_route=\/wp\/v2\/posts\/342866\/revisions"}],"predecessor-version":[{"id":342869,"href":"https:\/\/archive.sana.sy\/es\/index.php?rest_route=\/wp\/v2\/posts\/342866\/revisions\/342869"}],"wp:featuredmedia":[{"embeddable":true,"href":"https:\/\/archive.sana.sy\/es\/index.php?rest_route=\/wp\/v2\/media\/342867"}],"wp:attachment":[{"href":"https:\/\/archive.sana.sy\/es\/index.php?rest_route=%2Fwp%2Fv2%2Fmedia&parent=342866"}],"wp:term":[{"taxonomy":"category","embeddable":true,"href":"https:\/\/archive.sana.sy\/es\/index.php?rest_route=%2Fwp%2Fv2%2Fcategories&post=342866"},{"taxonomy":"post_tag","embeddable":true,"href":"https:\/\/archive.sana.sy\/es\/index.php?rest_route=%2Fwp%2Fv2%2Ftags&post=342866"}],"curies":[{"name":"wp","href":"https:\/\/api.w.org\/{rel}","templated":true}]}}