{"id":342870,"date":"2024-11-15T14:24:34","date_gmt":"2024-11-15T11:24:34","guid":{"rendered":"https:\/\/sana.sy\/es\/?p=342870"},"modified":"2024-11-15T14:24:34","modified_gmt":"2024-11-15T11:24:34","slug":"mas-de-50-drones-ucranianos-fueron-interceptados-en-suroeste-de-rusia","status":"publish","type":"post","link":"https:\/\/archive.sana.sy\/es\/?p=342870","title":{"rendered":"M\u00e1s de 50 drones ucranianos fueron interceptados en suroeste de Rusia"},"content":{"rendered":"<p style=\"text-align: justify;\"><span style=\"color: #800000;\"><strong>Mosc\u00fa, 15 nov (SANA)<\/strong> <\/span>Los sistemas de la defensa antia\u00e9rea de las Fuerzas Rusas interceptaron 51 drones ucranianos en suroeste del pa\u00eds.<\/p>\n<p style=\"text-align: justify;\">En un comunicado, el Ministerio de Defensa de la Federaci\u00f3n de Rusia inform\u00f3 que 36 de los veh\u00edculos a\u00e9reos no tripulados fueron abatidos en la regi\u00f3n de Kub\u00e1n; 10 sobre el mar de Azov; tres en la pen\u00ednsula de Crimea y dos, en la regi\u00f3n de B\u00e9lgorod.<\/p>\n<p style=\"text-align: justify;\">El Ministerio no especific\u00f3 los blancos de estos ataques, que calific\u00f3 de \u00abterroristas\u00bb.<\/p>\n<p style=\"text-align: justify;\">Durante los \u00faltimos meses, se intensificaron los ataques ucranianos con drones en las provincias fronterizas rusas.<\/p>\n<p style=\"text-align: justify;\">fm<\/p>\n","protected":false},"excerpt":{"rendered":"<p>Mosc\u00fa, 15 nov (SANA) Los sistemas de la defensa antia\u00e9rea de las Fuerzas Rusas interceptaron 51 drones ucranianos en suroeste del pa\u00eds. En un comunicado, el Ministerio de Defensa de la Federaci\u00f3n de Rusia inform\u00f3 que 36 de los veh\u00edculos a\u00e9reos no tripulados fueron abatidos en la regi\u00f3n de Kub\u00e1n; 10 sobre el mar de &hellip;<\/p>\n","protected":false},"author":34,"featured_media":342871,"comment_status":"closed","ping_status":"closed","sticky":false,"template":"","format":"standard","meta":{"footnotes":""},"categories":[597,456,20724,7541],"tags":[],"class_list":["post-342870","post","type-post","status-publish","format-standard","has-post-thumbnail","","category-cinta-de-noticias","category-arabe-internacional-politica","category-minuto-a-minuto","category-ultimas-noticias"],"_links":{"self":[{"href":"https:\/\/archive.sana.sy\/es\/index.php?rest_route=\/wp\/v2\/posts\/342870"}],"collection":[{"href":"https:\/\/archive.sana.sy\/es\/index.php?rest_route=\/wp\/v2\/posts"}],"about":[{"href":"https:\/\/archive.sana.sy\/es\/index.php?rest_route=\/wp\/v2\/types\/post"}],"author":[{"embeddable":true,"href":"https:\/\/archive.sana.sy\/es\/index.php?rest_route=\/wp\/v2\/users\/34"}],"replies":[{"embeddable":true,"href":"https:\/\/archive.sana.sy\/es\/index.php?rest_route=%2Fwp%2Fv2%2Fcomments&post=342870"}],"version-history":[{"count":1,"href":"https:\/\/archive.sana.sy\/es\/index.php?rest_route=\/wp\/v2\/posts\/342870\/revisions"}],"predecessor-version":[{"id":342872,"href":"https:\/\/archive.sana.sy\/es\/index.php?rest_route=\/wp\/v2\/posts\/342870\/revisions\/342872"}],"wp:featuredmedia":[{"embeddable":true,"href":"https:\/\/archive.sana.sy\/es\/index.php?rest_route=\/wp\/v2\/media\/342871"}],"wp:attachment":[{"href":"https:\/\/archive.sana.sy\/es\/index.php?rest_route=%2Fwp%2Fv2%2Fmedia&parent=342870"}],"wp:term":[{"taxonomy":"category","embeddable":true,"href":"https:\/\/archive.sana.sy\/es\/index.php?rest_route=%2Fwp%2Fv2%2Fcategories&post=342870"},{"taxonomy":"post_tag","embeddable":true,"href":"https:\/\/archive.sana.sy\/es\/index.php?rest_route=%2Fwp%2Fv2%2Ftags&post=342870"}],"curies":[{"name":"wp","href":"https:\/\/api.w.org\/{rel}","templated":true}]}}