{"id":342873,"date":"2024-11-15T14:39:02","date_gmt":"2024-11-15T11:39:02","guid":{"rendered":"https:\/\/sana.sy\/es\/?p=342873"},"modified":"2024-11-15T14:39:02","modified_gmt":"2024-11-15T11:39:02","slug":"fallecen-dos-prisioneros-palestinos-en-carceles-israelies-por-falta-de-atencion-medica","status":"publish","type":"post","link":"https:\/\/archive.sana.sy\/es\/?p=342873","title":{"rendered":"Fallecen dos prisioneros palestinos en c\u00e1rceles israel\u00edes por falta de atenci\u00f3n m\u00e9dica"},"content":{"rendered":"<p style=\"text-align: justify;\"><span style=\"color: #800000;\"><strong>Jerusal\u00e9n ocupada, 15 nov (SANA)\u00a0<\/strong><\/span>\u00a0 Dos prisioneros palestinos fallecieron hoy en los centros de detenci\u00f3n del ocupante israel\u00ed tras ser sometidos a tortura sistem\u00e1tica y negligencia m\u00e9dica deliberada.<\/p>\n<p style=\"text-align: justify;\">La Autoridad de Asuntos de Prisioneros y el Club de Prisioneros Palestinos anunciaron en un comunicado conjunto difundido por la agencia Wafa, que los dos prisioneros son Samih Aliwi de la ciudad de Naplusa, y Shaaban Aslim de la Franja de Gaza, y estaban detenidos en prisioneros israel\u00edes en \u00a0Ramla y Negev.<\/p>\n<p style=\"text-align: justify;\">Las dos entidades indicaron que los dos fallecidos son v\u00edctimas de un crimen sistem\u00e1tico y una pol\u00edtica de asesinato lento por parte de las autoridades de ocupaci\u00f3n durante muchas d\u00e9cadas.<\/p>\n<p style=\"text-align: justify;\">Precisaron que se aplican contra los detenidos cr\u00edmenes de tortura, hambre y mala atenci\u00f3n m\u00e9dica, que \u00a0constituyen la causa principal del fallecimiento \u00a0de decenas de prisioneros palestinos desde el comienzo de la guerra genocida en Gaza.<\/p>\n<p style=\"text-align: justify;\">fm<\/p>\n","protected":false},"excerpt":{"rendered":"<p>Jerusal\u00e9n ocupada, 15 nov (SANA)\u00a0\u00a0 Dos prisioneros palestinos fallecieron hoy en los centros de detenci\u00f3n del ocupante israel\u00ed tras ser sometidos a tortura sistem\u00e1tica y negligencia m\u00e9dica deliberada. La Autoridad de Asuntos de Prisioneros y el Club de Prisioneros Palestinos anunciaron en un comunicado conjunto difundido por la agencia Wafa, que los dos prisioneros son &hellip;<\/p>\n","protected":false},"author":34,"featured_media":342874,"comment_status":"closed","ping_status":"closed","sticky":false,"template":"","format":"standard","meta":{"footnotes":""},"categories":[597,456,20724,7541],"tags":[],"class_list":["post-342873","post","type-post","status-publish","format-standard","has-post-thumbnail","","category-cinta-de-noticias","category-arabe-internacional-politica","category-minuto-a-minuto","category-ultimas-noticias"],"_links":{"self":[{"href":"https:\/\/archive.sana.sy\/es\/index.php?rest_route=\/wp\/v2\/posts\/342873"}],"collection":[{"href":"https:\/\/archive.sana.sy\/es\/index.php?rest_route=\/wp\/v2\/posts"}],"about":[{"href":"https:\/\/archive.sana.sy\/es\/index.php?rest_route=\/wp\/v2\/types\/post"}],"author":[{"embeddable":true,"href":"https:\/\/archive.sana.sy\/es\/index.php?rest_route=\/wp\/v2\/users\/34"}],"replies":[{"embeddable":true,"href":"https:\/\/archive.sana.sy\/es\/index.php?rest_route=%2Fwp%2Fv2%2Fcomments&post=342873"}],"version-history":[{"count":1,"href":"https:\/\/archive.sana.sy\/es\/index.php?rest_route=\/wp\/v2\/posts\/342873\/revisions"}],"predecessor-version":[{"id":342875,"href":"https:\/\/archive.sana.sy\/es\/index.php?rest_route=\/wp\/v2\/posts\/342873\/revisions\/342875"}],"wp:featuredmedia":[{"embeddable":true,"href":"https:\/\/archive.sana.sy\/es\/index.php?rest_route=\/wp\/v2\/media\/342874"}],"wp:attachment":[{"href":"https:\/\/archive.sana.sy\/es\/index.php?rest_route=%2Fwp%2Fv2%2Fmedia&parent=342873"}],"wp:term":[{"taxonomy":"category","embeddable":true,"href":"https:\/\/archive.sana.sy\/es\/index.php?rest_route=%2Fwp%2Fv2%2Fcategories&post=342873"},{"taxonomy":"post_tag","embeddable":true,"href":"https:\/\/archive.sana.sy\/es\/index.php?rest_route=%2Fwp%2Fv2%2Ftags&post=342873"}],"curies":[{"name":"wp","href":"https:\/\/api.w.org\/{rel}","templated":true}]}}