{"id":342881,"date":"2024-11-15T16:23:40","date_gmt":"2024-11-15T13:23:40","guid":{"rendered":"https:\/\/sana.sy\/es\/?p=342881"},"modified":"2024-11-15T16:23:40","modified_gmt":"2024-11-15T13:23:40","slug":"situacion-sanitaria-en-gaza-es-catastrofica","status":"publish","type":"post","link":"https:\/\/archive.sana.sy\/es\/?p=342881","title":{"rendered":"Situaci\u00f3n sanitaria en Gaza es catastr\u00f3fica"},"content":{"rendered":"<p style=\"text-align: justify;\"><span style=\"color: #800000;\"><strong>Jerusal\u00e9n ocupada, 15 nov (SANA)<\/strong> <\/span>El ministro palestino de Salud, Majed Abu Ramadan, calific\u00f3 de catastr\u00f3fica la situaci\u00f3n sanitaria que vive Gaza tras m\u00e1s de un a\u00f1o de ataques diarios del Ej\u00e9rcito israel\u00ed, que causaron all\u00ed m\u00e1s de 43 mil 700 muertos.<\/p>\n<p style=\"text-align: justify;\">La agresi\u00f3n afect\u00f3 a todos los hospitales y centros m\u00e9dicos de ese territorio, muchos de los cuales fueron destruidos o da\u00f1ados, denunci\u00f3 el funcionario al intervenir en la s\u00e9ptima edici\u00f3n de la Cumbre Mundial de Innovaci\u00f3n para la Salud, celebrada en Qatar, seg\u00fan la agencia oficial de noticias palestina Wafa.<\/p>\n<p style=\"text-align: justify;\">Se\u00f1al\u00f3 que apenas unas pocas instalaciones funcionan de forma parcial luego de los ataques y critic\u00f3 la falta de combustible y suministros sanitarios, los asesinatos de cientos de empleados del sector y la dificultad para llegar a esos centros debido a las \u00f3rdenes de desplazamientos continuos.<\/p>\n<p style=\"text-align: justify;\">fm\/sm<\/p>\n","protected":false},"excerpt":{"rendered":"<p>Jerusal\u00e9n ocupada, 15 nov (SANA) El ministro palestino de Salud, Majed Abu Ramadan, calific\u00f3 de catastr\u00f3fica la situaci\u00f3n sanitaria que vive Gaza tras m\u00e1s de un a\u00f1o de ataques diarios del Ej\u00e9rcito israel\u00ed, que causaron all\u00ed m\u00e1s de 43 mil 700 muertos. La agresi\u00f3n afect\u00f3 a todos los hospitales y centros m\u00e9dicos de ese territorio, &hellip;<\/p>\n","protected":false},"author":39,"featured_media":342882,"comment_status":"closed","ping_status":"closed","sticky":false,"template":"","format":"standard","meta":{"footnotes":""},"categories":[597,456,16687,20724,7541],"tags":[],"class_list":["post-342881","post","type-post","status-publish","format-standard","has-post-thumbnail","","category-cinta-de-noticias","category-arabe-internacional-politica","category-internacionales","category-minuto-a-minuto","category-ultimas-noticias"],"_links":{"self":[{"href":"https:\/\/archive.sana.sy\/es\/index.php?rest_route=\/wp\/v2\/posts\/342881"}],"collection":[{"href":"https:\/\/archive.sana.sy\/es\/index.php?rest_route=\/wp\/v2\/posts"}],"about":[{"href":"https:\/\/archive.sana.sy\/es\/index.php?rest_route=\/wp\/v2\/types\/post"}],"author":[{"embeddable":true,"href":"https:\/\/archive.sana.sy\/es\/index.php?rest_route=\/wp\/v2\/users\/39"}],"replies":[{"embeddable":true,"href":"https:\/\/archive.sana.sy\/es\/index.php?rest_route=%2Fwp%2Fv2%2Fcomments&post=342881"}],"version-history":[{"count":1,"href":"https:\/\/archive.sana.sy\/es\/index.php?rest_route=\/wp\/v2\/posts\/342881\/revisions"}],"predecessor-version":[{"id":342883,"href":"https:\/\/archive.sana.sy\/es\/index.php?rest_route=\/wp\/v2\/posts\/342881\/revisions\/342883"}],"wp:featuredmedia":[{"embeddable":true,"href":"https:\/\/archive.sana.sy\/es\/index.php?rest_route=\/wp\/v2\/media\/342882"}],"wp:attachment":[{"href":"https:\/\/archive.sana.sy\/es\/index.php?rest_route=%2Fwp%2Fv2%2Fmedia&parent=342881"}],"wp:term":[{"taxonomy":"category","embeddable":true,"href":"https:\/\/archive.sana.sy\/es\/index.php?rest_route=%2Fwp%2Fv2%2Fcategories&post=342881"},{"taxonomy":"post_tag","embeddable":true,"href":"https:\/\/archive.sana.sy\/es\/index.php?rest_route=%2Fwp%2Fv2%2Ftags&post=342881"}],"curies":[{"name":"wp","href":"https:\/\/api.w.org\/{rel}","templated":true}]}}