{"id":342890,"date":"2024-11-15T18:32:22","date_gmt":"2024-11-15T15:32:22","guid":{"rendered":"https:\/\/sana.sy\/es\/?p=342890"},"modified":"2024-11-15T18:32:22","modified_gmt":"2024-11-15T15:32:22","slug":"en-406-dias-de-su-guerra-de-genocidio-contra-gaza-israel-asesina-a-43-764-palestinos","status":"publish","type":"post","link":"https:\/\/archive.sana.sy\/es\/?p=342890","title":{"rendered":"En 406 d\u00edas de su guerra de genocidio contra Gaza, \u201cIsrael\u201d asesina a 43.764 palestinos"},"content":{"rendered":"<p style=\"text-align: justify;\"><span style=\"color: #800000;\"><strong>Jerusal\u00e9n ocupada, 15 nov (SANA)\u00a0 \u00a0<\/strong><\/span>El Ministerio de Salud palestino anunci\u00f3 que durante las \u00faltimas 24 horas, las tropas del ocupante israel\u00ed cometieron tres masacres en la Franja de Gaza que saldaron en 28 muertos y 120 heridos.<\/p>\n<p style=\"text-align: justify;\">El referido ente detall\u00f3 que la cifra de v\u00edctimas de la actual agresi\u00f3n de ocupaci\u00f3n en la Franja de Gaza durante 406 d\u00edas ha aumentado a 43.764 muertos y 103.490 heridos.<\/p>\n<p style=\"text-align: justify;\">Detall\u00f3, adem\u00e1s, numerosas v\u00edctimas a\u00fan se encuentran bajo los escombros y en las carreteras, y las ambulancias y equipos de rescate no pueden llegar hasta ellas.<\/p>\n<p style=\"text-align: justify;\">Tres palestinos perdieron la vida como resultado de un bombardeo israel\u00ed contra un grupo de personas al oeste de la ciudad de Gaza, mientras otros dos palestinos fueron asesinados debido a un ataque a\u00e9reo sionista contra una tienda de campa\u00f1a que albergaba a personas desplazadas en la localidad de Al-Mawasi, al oeste de Khan Yunis, en el sur de la Franja de Gaza.<\/p>\n<p style=\"text-align: justify;\">sm<\/p>\n","protected":false},"excerpt":{"rendered":"<p>Jerusal\u00e9n ocupada, 15 nov (SANA)\u00a0 \u00a0El Ministerio de Salud palestino anunci\u00f3 que durante las \u00faltimas 24 horas, las tropas del ocupante israel\u00ed cometieron tres masacres en la Franja de Gaza que saldaron en 28 muertos y 120 heridos. El referido ente detall\u00f3 que la cifra de v\u00edctimas de la actual agresi\u00f3n de ocupaci\u00f3n en la &hellip;<\/p>\n","protected":false},"author":39,"featured_media":342891,"comment_status":"closed","ping_status":"closed","sticky":false,"template":"","format":"standard","meta":{"footnotes":""},"categories":[597,456,16687,20724,7541],"tags":[],"class_list":["post-342890","post","type-post","status-publish","format-standard","has-post-thumbnail","","category-cinta-de-noticias","category-arabe-internacional-politica","category-internacionales","category-minuto-a-minuto","category-ultimas-noticias"],"_links":{"self":[{"href":"https:\/\/archive.sana.sy\/es\/index.php?rest_route=\/wp\/v2\/posts\/342890"}],"collection":[{"href":"https:\/\/archive.sana.sy\/es\/index.php?rest_route=\/wp\/v2\/posts"}],"about":[{"href":"https:\/\/archive.sana.sy\/es\/index.php?rest_route=\/wp\/v2\/types\/post"}],"author":[{"embeddable":true,"href":"https:\/\/archive.sana.sy\/es\/index.php?rest_route=\/wp\/v2\/users\/39"}],"replies":[{"embeddable":true,"href":"https:\/\/archive.sana.sy\/es\/index.php?rest_route=%2Fwp%2Fv2%2Fcomments&post=342890"}],"version-history":[{"count":1,"href":"https:\/\/archive.sana.sy\/es\/index.php?rest_route=\/wp\/v2\/posts\/342890\/revisions"}],"predecessor-version":[{"id":342892,"href":"https:\/\/archive.sana.sy\/es\/index.php?rest_route=\/wp\/v2\/posts\/342890\/revisions\/342892"}],"wp:featuredmedia":[{"embeddable":true,"href":"https:\/\/archive.sana.sy\/es\/index.php?rest_route=\/wp\/v2\/media\/342891"}],"wp:attachment":[{"href":"https:\/\/archive.sana.sy\/es\/index.php?rest_route=%2Fwp%2Fv2%2Fmedia&parent=342890"}],"wp:term":[{"taxonomy":"category","embeddable":true,"href":"https:\/\/archive.sana.sy\/es\/index.php?rest_route=%2Fwp%2Fv2%2Fcategories&post=342890"},{"taxonomy":"post_tag","embeddable":true,"href":"https:\/\/archive.sana.sy\/es\/index.php?rest_route=%2Fwp%2Fv2%2Ftags&post=342890"}],"curies":[{"name":"wp","href":"https:\/\/api.w.org\/{rel}","templated":true}]}}