{"id":342893,"date":"2024-11-15T19:32:36","date_gmt":"2024-11-15T16:32:36","guid":{"rendered":"https:\/\/sana.sy\/es\/?p=342893"},"modified":"2024-11-15T19:32:53","modified_gmt":"2024-11-15T16:32:53","slug":"cualquier-acuerdo-sobre-ucrania-debe-responder-a-los-intereses-de-seguridad-rusos-afirma-putin-a-shultz","status":"publish","type":"post","link":"https:\/\/archive.sana.sy\/es\/?p=342893","title":{"rendered":"Cualquier acuerdo sobre Ucrania debe responder a los intereses de seguridad rusos, afirma Putin a Shultz"},"content":{"rendered":"<p style=\"text-align: justify;\"><span style=\"color: #800000;\"><strong>Mosc\u00fa, 15 nov (SANA)\u00a0 <\/strong><\/span>El presidente ruso, Vlad\u00edmir Putin, analiz\u00f3 hoy durante una llamada telef\u00f3nica con el canciller alem\u00e1n, Olaf Schulz, la situaci\u00f3n en Ucrania.<\/p>\n<p style=\"text-align: justify;\">\u201cPor iniciativa de la parte alemana, se efectu\u00f3 la primera llamada telef\u00f3nica desde 2022 entre Putin y Schulz, y hubo un intercambio de opiniones detallado y franco sobre la situaci\u00f3n en Ucrania\u201d, declar\u00f3 la presidencia rusa mediante un comunicado.<\/p>\n<p style=\"text-align: justify;\">Putin se\u00f1al\u00f3 que la crisis actual es resultado directo de muchos a\u00f1os de pol\u00edtica agresiva de la OTAN encaminada a crear un enfoque antirruso en territorio ucraniano ignorando los intereses de Rusia en la esfera de la seguridad y violando los derechos de la poblaci\u00f3n de habla rusa.<\/p>\n<p style=\"text-align: justify;\">En cuanto a las perspectivas de una soluci\u00f3n pol\u00edtica y diplom\u00e1tica del conflicto, el Presidente ruso indic\u00f3 que la parte rusa nunca se neg\u00f3 y permaneci\u00f3 abierta a reanudar las negociaciones que fueron suspendidas por el r\u00e9gimen de Kiev.<\/p>\n<p style=\"text-align: justify;\">Asimismo, indic\u00f3 que las propuestas rusas son bien conocidas y espec\u00edficas, y deber\u00eda que los posibles acuerdos tengan en cuenta los intereses de la Federaci\u00f3n de Rusia en el \u00e1mbito de la seguridad y se basen en nuevas realidades regionales y, lo m\u00e1s importante, eliminen las causas fundamental del conflicto.<\/p>\n<p style=\"text-align: justify;\">De igual manera, se abord\u00f3 la situaci\u00f3n de las relaciones ruso-alemanas.<\/p>\n<p style=\"text-align: justify;\">Adem\u00e1s, el mandatario del pa\u00eds euroasi\u00e1tico se\u00f1al\u00f3 que el deterioro sin precedentes de las relaciones en todas direcciones fue el resultado de la actitud hostil de las autoridades alemanas, y enfatiz\u00f3 que Mosc\u00fa siempre cumple estrictamente con sus obligaciones contractuales en el sector energ\u00e9tico y est\u00e1 lista para una cooperaci\u00f3n mutuamente beneficiosa si la parte alemana expresa inter\u00e9s en esto.<\/p>\n<p style=\"text-align: justify;\">Tambi\u00e9n se abord\u00f3 el empeoramiento de la situaci\u00f3n en Medio Oriente, y Putin destac\u00f3 los continuos esfuerzos de Rusia para reducir la escalada y buscar soluciones pac\u00edficas a las crisis en la regi\u00f3n.<\/p>\n<p style=\"text-align: justify;\">sm<\/p>\n","protected":false},"excerpt":{"rendered":"<p>Mosc\u00fa, 15 nov (SANA)\u00a0 El presidente ruso, Vlad\u00edmir Putin, analiz\u00f3 hoy durante una llamada telef\u00f3nica con el canciller alem\u00e1n, Olaf Schulz, la situaci\u00f3n en Ucrania. \u201cPor iniciativa de la parte alemana, se efectu\u00f3 la primera llamada telef\u00f3nica desde 2022 entre Putin y Schulz, y hubo un intercambio de opiniones detallado y franco sobre la situaci\u00f3n &hellip;<\/p>\n","protected":false},"author":39,"featured_media":342894,"comment_status":"closed","ping_status":"closed","sticky":false,"template":"","format":"standard","meta":{"footnotes":""},"categories":[597,456,16687,20724,7541],"tags":[],"class_list":["post-342893","post","type-post","status-publish","format-standard","has-post-thumbnail","","category-cinta-de-noticias","category-arabe-internacional-politica","category-internacionales","category-minuto-a-minuto","category-ultimas-noticias"],"_links":{"self":[{"href":"https:\/\/archive.sana.sy\/es\/index.php?rest_route=\/wp\/v2\/posts\/342893"}],"collection":[{"href":"https:\/\/archive.sana.sy\/es\/index.php?rest_route=\/wp\/v2\/posts"}],"about":[{"href":"https:\/\/archive.sana.sy\/es\/index.php?rest_route=\/wp\/v2\/types\/post"}],"author":[{"embeddable":true,"href":"https:\/\/archive.sana.sy\/es\/index.php?rest_route=\/wp\/v2\/users\/39"}],"replies":[{"embeddable":true,"href":"https:\/\/archive.sana.sy\/es\/index.php?rest_route=%2Fwp%2Fv2%2Fcomments&post=342893"}],"version-history":[{"count":1,"href":"https:\/\/archive.sana.sy\/es\/index.php?rest_route=\/wp\/v2\/posts\/342893\/revisions"}],"predecessor-version":[{"id":342895,"href":"https:\/\/archive.sana.sy\/es\/index.php?rest_route=\/wp\/v2\/posts\/342893\/revisions\/342895"}],"wp:featuredmedia":[{"embeddable":true,"href":"https:\/\/archive.sana.sy\/es\/index.php?rest_route=\/wp\/v2\/media\/342894"}],"wp:attachment":[{"href":"https:\/\/archive.sana.sy\/es\/index.php?rest_route=%2Fwp%2Fv2%2Fmedia&parent=342893"}],"wp:term":[{"taxonomy":"category","embeddable":true,"href":"https:\/\/archive.sana.sy\/es\/index.php?rest_route=%2Fwp%2Fv2%2Fcategories&post=342893"},{"taxonomy":"post_tag","embeddable":true,"href":"https:\/\/archive.sana.sy\/es\/index.php?rest_route=%2Fwp%2Fv2%2Ftags&post=342893"}],"curies":[{"name":"wp","href":"https:\/\/api.w.org\/{rel}","templated":true}]}}