{"id":342992,"date":"2024-11-17T16:21:50","date_gmt":"2024-11-17T13:21:50","guid":{"rendered":"https:\/\/sana.sy\/es\/?p=342992"},"modified":"2024-11-17T16:22:35","modified_gmt":"2024-11-17T13:22:35","slug":"llega-a-siria-otro-avion-emirati-con-ayuda-a-desplazados-libaneses","status":"publish","type":"post","link":"https:\/\/archive.sana.sy\/es\/?p=342992","title":{"rendered":"Llega a Siria otro avi\u00f3n emirat\u00ed con ayuda a desplazados libaneses"},"content":{"rendered":"<p style=\"text-align: justify;\"><strong><span style=\"color: #800000;\">Damasco, 17 nov (SANA)<\/span><\/strong> Una aeronave de Emiratos \u00c1rabes Unidos (EAU) aterriz\u00f3 hoy en el Aeropuerto Internacional de Damasco con una carga de 10 toneladas de suministros humanitarios y de atenci\u00f3n m\u00e9dica destinados a los desplazados que salieron de L\u00edbano y llegaron a Siria.<\/p>\n<p style=\"text-align: justify;\">Este avi\u00f3n es el quinto que llega desde los Emiratos \u00c1rabes Unidos, como continuaci\u00f3n de sus esfuerzos para ayudar a los libaneses y sirios desplazados.<\/p>\n<p style=\"text-align: justify;\">La cantidad total aportada por la campa\u00f1a emirat\u00ed para socorrer a quienes llegan desde el L\u00edbano a territorio sirio super\u00f3 las 245 toneladas, de canastas de alimentos, ropas de invierno, materiales de necesidad b\u00e1sica e insumos m\u00e9dicos.<\/p>\n<p style=\"text-align: justify;\">La cifra de refugiados que ingresaron en Siria tras ser obligados a abandonar sus hogares por las agresiones israel\u00edes contra L\u00edbano ascendi\u00f3 a casi medio mill\u00f3n, seg\u00fan recientes datos anunciados por el Departamento de Emigraci\u00f3n y Pasaporte de esta naci\u00f3n.<\/p>\n<p style=\"text-align: justify;\">fm\/as<\/p>\n","protected":false},"excerpt":{"rendered":"<p>Damasco, 17 nov (SANA) Una aeronave de Emiratos \u00c1rabes Unidos (EAU) aterriz\u00f3 hoy en el Aeropuerto Internacional de Damasco con una carga de 10 toneladas de suministros humanitarios y de atenci\u00f3n m\u00e9dica destinados a los desplazados que salieron de L\u00edbano y llegaron a Siria. Este avi\u00f3n es el quinto que llega desde los Emiratos \u00c1rabes &hellip;<\/p>\n","protected":false},"author":42,"featured_media":342995,"comment_status":"closed","ping_status":"closed","sticky":false,"template":"","format":"standard","meta":{"footnotes":""},"categories":[597,20724,467,7541],"tags":[],"class_list":["post-342992","post","type-post","status-publish","format-standard","has-post-thumbnail","","category-cinta-de-noticias","category-minuto-a-minuto","category-siria-y-el-mundo","category-ultimas-noticias"],"_links":{"self":[{"href":"https:\/\/archive.sana.sy\/es\/index.php?rest_route=\/wp\/v2\/posts\/342992"}],"collection":[{"href":"https:\/\/archive.sana.sy\/es\/index.php?rest_route=\/wp\/v2\/posts"}],"about":[{"href":"https:\/\/archive.sana.sy\/es\/index.php?rest_route=\/wp\/v2\/types\/post"}],"author":[{"embeddable":true,"href":"https:\/\/archive.sana.sy\/es\/index.php?rest_route=\/wp\/v2\/users\/42"}],"replies":[{"embeddable":true,"href":"https:\/\/archive.sana.sy\/es\/index.php?rest_route=%2Fwp%2Fv2%2Fcomments&post=342992"}],"version-history":[{"count":1,"href":"https:\/\/archive.sana.sy\/es\/index.php?rest_route=\/wp\/v2\/posts\/342992\/revisions"}],"predecessor-version":[{"id":342994,"href":"https:\/\/archive.sana.sy\/es\/index.php?rest_route=\/wp\/v2\/posts\/342992\/revisions\/342994"}],"wp:featuredmedia":[{"embeddable":true,"href":"https:\/\/archive.sana.sy\/es\/index.php?rest_route=\/wp\/v2\/media\/342995"}],"wp:attachment":[{"href":"https:\/\/archive.sana.sy\/es\/index.php?rest_route=%2Fwp%2Fv2%2Fmedia&parent=342992"}],"wp:term":[{"taxonomy":"category","embeddable":true,"href":"https:\/\/archive.sana.sy\/es\/index.php?rest_route=%2Fwp%2Fv2%2Fcategories&post=342992"},{"taxonomy":"post_tag","embeddable":true,"href":"https:\/\/archive.sana.sy\/es\/index.php?rest_route=%2Fwp%2Fv2%2Ftags&post=342992"}],"curies":[{"name":"wp","href":"https:\/\/api.w.org\/{rel}","templated":true}]}}