{"id":343000,"date":"2024-11-17T19:26:35","date_gmt":"2024-11-17T16:26:35","guid":{"rendered":"https:\/\/sana.sy\/es\/?p=343000"},"modified":"2024-11-17T19:26:35","modified_gmt":"2024-11-17T16:26:35","slug":"israel-asesina-al-vocero-de-prensa-de-hezbola","status":"publish","type":"post","link":"https:\/\/archive.sana.sy\/es\/?p=343000","title":{"rendered":"&#8220;Israel&#8221; asesina al vocero de prensa de Hezbol\u00e1"},"content":{"rendered":"<blockquote>\n<p style=\"text-align: justify;\"><span style=\"color: #993300;\">Afif no luch\u00f3 con armas y no comand\u00f3 una unidad militar en Hezbol\u00e1, sino que dirigi\u00f3 las relaciones con los medios de comunicaci\u00f3n.<\/span><\/p>\n<\/blockquote>\n<p style=\"text-align: justify;\"><span style=\"color: #800000;\"><strong>Beirut, 17 nov (SANA)<\/strong><\/span>\u00a0 &#8220;Israel&#8221; asesin\u00f3 hoy al jefe de relaciones con los medios de la Resistencia de L\u00edbano (Hezbol\u00e1), Mohammad Afif, al bombardear un edificio en la zona de Ras Al-Nabaa en la capital libanesa, Beirut.<\/p>\n<p style=\"text-align: justify;\">La agresi\u00f3n israel\u00ed, en la que muri\u00f3 Afif, apunt\u00f3 contra la sede de la direcci\u00f3n del Partido Baath \u00c1rabe Socialista.<\/p>\n<p style=\"text-align: justify;\">El secretario general del Partido Baath, Ali Hijazi, dijo que Afif se encontraba en el lugar por casualidad y recibi\u00f3 muchas amenazas a trav\u00e9s de plataformas de medios locales y \u00e1rabes.<\/p>\n<p style=\"text-align: justify;\">Afif no luch\u00f3 con armas y no comand\u00f3 una unidad militar en Hezbol\u00e1, sino que dirigi\u00f3 las relaciones con los medios de comunicaci\u00f3n, enfatiz\u00f3.<\/p>\n<p style=\"text-align: justify;\">fm\/rr<\/p>\n","protected":false},"excerpt":{"rendered":"<p>Afif no luch\u00f3 con armas y no comand\u00f3 una unidad militar en Hezbol\u00e1, sino que dirigi\u00f3 las relaciones con los medios de comunicaci\u00f3n. Beirut, 17 nov (SANA)\u00a0 &#8220;Israel&#8221; asesin\u00f3 hoy al jefe de relaciones con los medios de la Resistencia de L\u00edbano (Hezbol\u00e1), Mohammad Afif, al bombardear un edificio en la zona de Ras Al-Nabaa &hellip;<\/p>\n","protected":false},"author":31,"featured_media":343001,"comment_status":"closed","ping_status":"closed","sticky":false,"template":"","format":"standard","meta":{"footnotes":""},"categories":[597,456,16687],"tags":[],"class_list":["post-343000","post","type-post","status-publish","format-standard","has-post-thumbnail","","category-cinta-de-noticias","category-arabe-internacional-politica","category-internacionales"],"_links":{"self":[{"href":"https:\/\/archive.sana.sy\/es\/index.php?rest_route=\/wp\/v2\/posts\/343000"}],"collection":[{"href":"https:\/\/archive.sana.sy\/es\/index.php?rest_route=\/wp\/v2\/posts"}],"about":[{"href":"https:\/\/archive.sana.sy\/es\/index.php?rest_route=\/wp\/v2\/types\/post"}],"author":[{"embeddable":true,"href":"https:\/\/archive.sana.sy\/es\/index.php?rest_route=\/wp\/v2\/users\/31"}],"replies":[{"embeddable":true,"href":"https:\/\/archive.sana.sy\/es\/index.php?rest_route=%2Fwp%2Fv2%2Fcomments&post=343000"}],"version-history":[{"count":1,"href":"https:\/\/archive.sana.sy\/es\/index.php?rest_route=\/wp\/v2\/posts\/343000\/revisions"}],"predecessor-version":[{"id":343002,"href":"https:\/\/archive.sana.sy\/es\/index.php?rest_route=\/wp\/v2\/posts\/343000\/revisions\/343002"}],"wp:featuredmedia":[{"embeddable":true,"href":"https:\/\/archive.sana.sy\/es\/index.php?rest_route=\/wp\/v2\/media\/343001"}],"wp:attachment":[{"href":"https:\/\/archive.sana.sy\/es\/index.php?rest_route=%2Fwp%2Fv2%2Fmedia&parent=343000"}],"wp:term":[{"taxonomy":"category","embeddable":true,"href":"https:\/\/archive.sana.sy\/es\/index.php?rest_route=%2Fwp%2Fv2%2Fcategories&post=343000"},{"taxonomy":"post_tag","embeddable":true,"href":"https:\/\/archive.sana.sy\/es\/index.php?rest_route=%2Fwp%2Fv2%2Ftags&post=343000"}],"curies":[{"name":"wp","href":"https:\/\/api.w.org\/{rel}","templated":true}]}}