{"id":34301,"date":"2015-11-27T15:06:14","date_gmt":"2015-11-27T13:06:14","guid":{"rendered":"http:\/\/sana.sy\/es\/?p=34301"},"modified":"2015-11-27T15:06:14","modified_gmt":"2015-11-27T13:06:14","slug":"regimen-turco-suspende-sus-vuelos-sobre-siria","status":"publish","type":"post","link":"https:\/\/archive.sana.sy\/es\/?p=34301","title":{"rendered":"R\u00e9gimen turco suspende sus vuelos sobre Siria"},"content":{"rendered":"<p><span style=\"color: #800000\">Ankara, SANA<\/span><\/p>\n<p>El r\u00e9gimen turco paraliz\u00f3 las operaciones a\u00e9reas del ej\u00e9rcito turco en el marco de la coalici\u00f3n encabezada por Washington.<\/p>\n<p>De acuerdo con fuentes militares turcas citadas este viernes por el diario local Hurriyet, Ankara suspende su participaci\u00f3n en la campa\u00f1a militar de la llamada coalici\u00f3n anti-EI, orquestada por EE.UU.<\/p>\n<p>La decisi\u00f3n turca llega un d\u00eda despu\u00e9s de que el Ministerio de Defensa de Rusia anunciara la ruptura de \u201ctodos los canales de comunicaci\u00f3n\u201d con las Fuerzas Armadas turcas, por el ataque de dos cazas turcos F-16 que derribaron el martes un Sujoi Su-24 cerca de la frontera turco-siria.<\/p>\n<p><span style=\"color: #00ccff\">Fady M., Hala B.<\/span><\/p>\n","protected":false},"excerpt":{"rendered":"<p>Ankara, SANA El r\u00e9gimen turco paraliz\u00f3 las operaciones a\u00e9reas del ej\u00e9rcito turco en el marco de la coalici\u00f3n encabezada por Washington. De acuerdo con fuentes militares turcas citadas este viernes por el diario local Hurriyet, Ankara suspende su participaci\u00f3n en la campa\u00f1a militar de la llamada coalici\u00f3n anti-EI, orquestada por EE.UU. La decisi\u00f3n turca llega &hellip;<\/p>\n","protected":false},"author":1,"featured_media":34302,"comment_status":"closed","ping_status":"closed","sticky":false,"template":"","format":"standard","meta":{"footnotes":""},"categories":[456,457,576],"tags":[7488],"class_list":["post-34301","post","type-post","status-publish","format-standard","has-post-thumbnail","","category-arabe-internacional-politica","category-noticias-arabe-internacional-politica","category-noticias-politicas","tag-regimen-turco-suspende-sus-vuelos-sobre-siria"],"_links":{"self":[{"href":"https:\/\/archive.sana.sy\/es\/index.php?rest_route=\/wp\/v2\/posts\/34301"}],"collection":[{"href":"https:\/\/archive.sana.sy\/es\/index.php?rest_route=\/wp\/v2\/posts"}],"about":[{"href":"https:\/\/archive.sana.sy\/es\/index.php?rest_route=\/wp\/v2\/types\/post"}],"author":[{"embeddable":true,"href":"https:\/\/archive.sana.sy\/es\/index.php?rest_route=\/wp\/v2\/users\/1"}],"replies":[{"embeddable":true,"href":"https:\/\/archive.sana.sy\/es\/index.php?rest_route=%2Fwp%2Fv2%2Fcomments&post=34301"}],"version-history":[{"count":0,"href":"https:\/\/archive.sana.sy\/es\/index.php?rest_route=\/wp\/v2\/posts\/34301\/revisions"}],"wp:featuredmedia":[{"embeddable":true,"href":"https:\/\/archive.sana.sy\/es\/index.php?rest_route=\/wp\/v2\/media\/34302"}],"wp:attachment":[{"href":"https:\/\/archive.sana.sy\/es\/index.php?rest_route=%2Fwp%2Fv2%2Fmedia&parent=34301"}],"wp:term":[{"taxonomy":"category","embeddable":true,"href":"https:\/\/archive.sana.sy\/es\/index.php?rest_route=%2Fwp%2Fv2%2Fcategories&post=34301"},{"taxonomy":"post_tag","embeddable":true,"href":"https:\/\/archive.sana.sy\/es\/index.php?rest_route=%2Fwp%2Fv2%2Ftags&post=34301"}],"curies":[{"name":"wp","href":"https:\/\/api.w.org\/{rel}","templated":true}]}}