{"id":343080,"date":"2024-11-18T18:23:54","date_gmt":"2024-11-18T15:23:54","guid":{"rendered":"https:\/\/sana.sy\/es\/?p=343080"},"modified":"2024-11-18T18:24:38","modified_gmt":"2024-11-18T15:24:38","slug":"estudiantes-sirios-participan-en-aniversario-de-fundacion-de-la-escuela-latinoamericana-de-medicina-elam","status":"publish","type":"post","link":"https:\/\/archive.sana.sy\/es\/?p=343080","title":{"rendered":"Estudiantes sirios participan en aniversario de fundaci\u00f3n de la Escuela Latinoamericana de Medicina \u201cELAM\u201d"},"content":{"rendered":"<p style=\"text-align: justify;\"><span style=\"color: #800000;\"><strong>La Habana, 18 nov (SANA)<\/strong><\/span>\u00a0 J\u00f3venes sirios que cursan la carrera de medicina en Cuba participaron en diversas actividades durante la celebraci\u00f3n del vig\u00e9simo quinto aniversario de la fundaci\u00f3n de la Escuela Latinoamericana de Medicina \u201cELAM\u201d en La Habana.<\/p>\n<p style=\"text-align: justify;\"><img loading=\"lazy\" decoding=\"async\" class=\"alignright wp-image-343090\" src=\"http:\/\/sana.sy\/es\/wp-content\/uploads\/2024\/11\/Estudiantes-sirios-participan-en-aniversario-de-fundacion-de-la-Escuela-Latinoamericana-de-Medicina-ELAM3-1.jpg\" alt=\"\" width=\"225\" height=\"300\" srcset=\"https:\/\/archive.sana.sy\/es\/wp-content\/uploads\/2024\/11\/Estudiantes-sirios-participan-en-aniversario-de-fundacion-de-la-Escuela-Latinoamericana-de-Medicina-ELAM3-1.jpg 225w, https:\/\/archive.sana.sy\/es\/wp-content\/uploads\/2024\/11\/Estudiantes-sirios-participan-en-aniversario-de-fundacion-de-la-Escuela-Latinoamericana-de-Medicina-ELAM3-1-113x150.jpg 113w\" sizes=\"(max-width: 225px) 100vw, 225px\" \/>Durante las actividades en esta instituci\u00f3n universitaria donde cursan estudios j\u00f3venes de los cinco continentes, los estudiantes sirios instalaron un pabell\u00f3n de Siria que fue muy visitado por cubanos y extranjeros.<\/p>\n<p style=\"text-align: justify;\">En el pabell\u00f3n, se exhibieron trajes t\u00edpicos que reflejan el folclore y la cultura de Siria, adem\u00e1s de una colecci\u00f3n de fotograf\u00edas y revistas que hablan sobre la civilizaci\u00f3n y la historia de Siria.<\/p>\n<p style=\"text-align: justify;\">En esta ocasi\u00f3n, se efectu\u00f3 en el Palacio de Convenciones de La Habana, la primera conferencia de egresados de la Facultad de Medicina, con la participaci\u00f3n de la Embajada de la Rep\u00fablica \u00c1rabe Siria y estudiantes sirios que estudian en Cuba, donde la direcci\u00f3n de la escuela entreg\u00f3 Certificados de agradecimiento a varios estudiantes sirios por su compromiso y sus resultados acad\u00e9micos.<\/p>\n<p style=\"text-align: justify;\">La Escuela Latinoamericana de Medicina \u201cELAM\u201d fue fundada por el l\u00edder de la Revoluci\u00f3n Cubana, Fidel Castro, hace 25 a\u00f1os, y hasta el momento ha logrado graduar a m\u00e1s de 31.000 m\u00e9dicos de unos 122 pa\u00edses.<\/p>\n<p style=\"text-align: justify;\">fm\/ahs<\/p>\n<p>&nbsp;<\/p>\n<div id='gallery-1' class='gallery galleryid-343080 gallery-columns-1 gallery-size-full'><figure class='gallery-item'>\n\t\t\t<div class='gallery-icon landscape'>\n\t\t\t\t<a href='https:\/\/archive.sana.sy\/es\/?attachment_id=343088'><img loading=\"lazy\" decoding=\"async\" width=\"660\" height=\"459\" src=\"https:\/\/archive.sana.sy\/es\/wp-content\/uploads\/2024\/11\/Estudiantes-sirios-participan-en-aniversario-de-fundacion-de-la-Escuela-Latinoamericana-de-Medicina-ELAM2-1.jpg\" class=\"attachment-full size-full\" alt=\"\" srcset=\"https:\/\/archive.sana.sy\/es\/wp-content\/uploads\/2024\/11\/Estudiantes-sirios-participan-en-aniversario-de-fundacion-de-la-Escuela-Latinoamericana-de-Medicina-ELAM2-1.jpg 660w, https:\/\/archive.sana.sy\/es\/wp-content\/uploads\/2024\/11\/Estudiantes-sirios-participan-en-aniversario-de-fundacion-de-la-Escuela-Latinoamericana-de-Medicina-ELAM2-1-300x209.jpg 300w, https:\/\/archive.sana.sy\/es\/wp-content\/uploads\/2024\/11\/Estudiantes-sirios-participan-en-aniversario-de-fundacion-de-la-Escuela-Latinoamericana-de-Medicina-ELAM2-1-150x104.jpg 150w\" sizes=\"(max-width: 660px) 100vw, 660px\" \/><\/a>\n\t\t\t<\/div><\/figure><figure class='gallery-item'>\n\t\t\t<div class='gallery-icon landscape'>\n\t\t\t\t<a href='https:\/\/archive.sana.sy\/es\/?attachment_id=343089'><img loading=\"lazy\" decoding=\"async\" width=\"660\" height=\"486\" src=\"https:\/\/archive.sana.sy\/es\/wp-content\/uploads\/2024\/11\/Estudiantes-sirios-participan-en-aniversario-de-fundacion-de-la-Escuela-Latinoamericana-de-Medicina-ELAM1-1.jpg\" class=\"attachment-full size-full\" alt=\"\" srcset=\"https:\/\/archive.sana.sy\/es\/wp-content\/uploads\/2024\/11\/Estudiantes-sirios-participan-en-aniversario-de-fundacion-de-la-Escuela-Latinoamericana-de-Medicina-ELAM1-1.jpg 660w, https:\/\/archive.sana.sy\/es\/wp-content\/uploads\/2024\/11\/Estudiantes-sirios-participan-en-aniversario-de-fundacion-de-la-Escuela-Latinoamericana-de-Medicina-ELAM1-1-300x221.jpg 300w, https:\/\/archive.sana.sy\/es\/wp-content\/uploads\/2024\/11\/Estudiantes-sirios-participan-en-aniversario-de-fundacion-de-la-Escuela-Latinoamericana-de-Medicina-ELAM1-1-150x110.jpg 150w\" sizes=\"(max-width: 660px) 100vw, 660px\" \/><\/a>\n\t\t\t<\/div><\/figure>\n\t\t<\/div>\n\n","protected":false},"excerpt":{"rendered":"<p>La Habana, 18 nov (SANA)\u00a0 J\u00f3venes sirios que cursan la carrera de medicina en Cuba participaron en diversas actividades durante la celebraci\u00f3n del vig\u00e9simo quinto aniversario de la fundaci\u00f3n de la Escuela Latinoamericana de Medicina \u201cELAM\u201d en La Habana. Durante las actividades en esta instituci\u00f3n universitaria donde cursan estudios j\u00f3venes de los cinco continentes, los &hellip;<\/p>\n","protected":false},"author":43,"featured_media":343084,"comment_status":"closed","ping_status":"closed","sticky":false,"template":"","format":"standard","meta":{"footnotes":""},"categories":[597,20724,476,467,7541],"tags":[],"class_list":["post-343080","post","type-post","status-publish","format-standard","has-post-thumbnail","","category-cinta-de-noticias","category-minuto-a-minuto","category-locales","category-siria-y-el-mundo","category-ultimas-noticias"],"_links":{"self":[{"href":"https:\/\/archive.sana.sy\/es\/index.php?rest_route=\/wp\/v2\/posts\/343080"}],"collection":[{"href":"https:\/\/archive.sana.sy\/es\/index.php?rest_route=\/wp\/v2\/posts"}],"about":[{"href":"https:\/\/archive.sana.sy\/es\/index.php?rest_route=\/wp\/v2\/types\/post"}],"author":[{"embeddable":true,"href":"https:\/\/archive.sana.sy\/es\/index.php?rest_route=\/wp\/v2\/users\/43"}],"replies":[{"embeddable":true,"href":"https:\/\/archive.sana.sy\/es\/index.php?rest_route=%2Fwp%2Fv2%2Fcomments&post=343080"}],"version-history":[{"count":2,"href":"https:\/\/archive.sana.sy\/es\/index.php?rest_route=\/wp\/v2\/posts\/343080\/revisions"}],"predecessor-version":[{"id":343092,"href":"https:\/\/archive.sana.sy\/es\/index.php?rest_route=\/wp\/v2\/posts\/343080\/revisions\/343092"}],"wp:featuredmedia":[{"embeddable":true,"href":"https:\/\/archive.sana.sy\/es\/index.php?rest_route=\/wp\/v2\/media\/343084"}],"wp:attachment":[{"href":"https:\/\/archive.sana.sy\/es\/index.php?rest_route=%2Fwp%2Fv2%2Fmedia&parent=343080"}],"wp:term":[{"taxonomy":"category","embeddable":true,"href":"https:\/\/archive.sana.sy\/es\/index.php?rest_route=%2Fwp%2Fv2%2Fcategories&post=343080"},{"taxonomy":"post_tag","embeddable":true,"href":"https:\/\/archive.sana.sy\/es\/index.php?rest_route=%2Fwp%2Fv2%2Ftags&post=343080"}],"curies":[{"name":"wp","href":"https:\/\/api.w.org\/{rel}","templated":true}]}}