{"id":343081,"date":"2024-11-18T18:02:17","date_gmt":"2024-11-18T15:02:17","guid":{"rendered":"https:\/\/sana.sy\/es\/?p=343081"},"modified":"2024-11-18T18:02:17","modified_gmt":"2024-11-18T15:02:17","slug":"mueren-43-922-palestinos-desde-el-inicio-de-la-agresion-israeli-a-gaza","status":"publish","type":"post","link":"https:\/\/archive.sana.sy\/es\/?p=343081","title":{"rendered":"Mueren 43.922 palestinos desde el inicio de la agresi\u00f3n israel\u00ed a Gaza"},"content":{"rendered":"<p style=\"text-align: justify;\"><span style=\"color: #800000;\"><strong>Jerusal\u00e9n ocupada, 18 nov (SANA)<\/strong><\/span> El Ministerio de Salud palestino anunci\u00f3 que durante las \u00faltimas 24 horas, el ocupante israel\u00ed cometi\u00f3 cuatro masacres en la Franja de Gaza, y que la cifra de v\u00edctimas lleg\u00f3 a 76 m\u00e1rtires y 158 heridos.<\/p>\n<p style=\"text-align: justify;\">\u201cEl n\u00famero de v\u00edctimas por la agresi\u00f3n durante 409 d\u00edas aument\u00f3 a 43.922 muertos y 103.898 heridos, mientras un n\u00famero de v\u00edctimas todav\u00eda se encuentra bajo los escombros y en las carreteras, y los equipos de ambulancia y defensa civil no pueden alcanzarlos\u201d, declar\u00f3 hoy la referida entidad.<\/p>\n<p style=\"text-align: justify;\">Asimismo, 46 palestinos murieron este lunes, 30 de ellos en el norte de la Franja, y decenas resultaron heridos, hoy como resultado de los bombardeos de la ocupaci\u00f3n israel\u00ed contra varias zonas del enclave costero.<\/p>\n<p style=\"text-align: justify;\">ahs\/fm<\/p>\n","protected":false},"excerpt":{"rendered":"<p>Jerusal\u00e9n ocupada, 18 nov (SANA) El Ministerio de Salud palestino anunci\u00f3 que durante las \u00faltimas 24 horas, el ocupante israel\u00ed cometi\u00f3 cuatro masacres en la Franja de Gaza, y que la cifra de v\u00edctimas lleg\u00f3 a 76 m\u00e1rtires y 158 heridos. \u201cEl n\u00famero de v\u00edctimas por la agresi\u00f3n durante 409 d\u00edas aument\u00f3 a 43.922 muertos &hellip;<\/p>\n","protected":false},"author":43,"featured_media":343082,"comment_status":"closed","ping_status":"closed","sticky":false,"template":"","format":"standard","meta":{"footnotes":""},"categories":[597,456,16687,20724,7541],"tags":[],"class_list":["post-343081","post","type-post","status-publish","format-standard","has-post-thumbnail","","category-cinta-de-noticias","category-arabe-internacional-politica","category-internacionales","category-minuto-a-minuto","category-ultimas-noticias"],"_links":{"self":[{"href":"https:\/\/archive.sana.sy\/es\/index.php?rest_route=\/wp\/v2\/posts\/343081"}],"collection":[{"href":"https:\/\/archive.sana.sy\/es\/index.php?rest_route=\/wp\/v2\/posts"}],"about":[{"href":"https:\/\/archive.sana.sy\/es\/index.php?rest_route=\/wp\/v2\/types\/post"}],"author":[{"embeddable":true,"href":"https:\/\/archive.sana.sy\/es\/index.php?rest_route=\/wp\/v2\/users\/43"}],"replies":[{"embeddable":true,"href":"https:\/\/archive.sana.sy\/es\/index.php?rest_route=%2Fwp%2Fv2%2Fcomments&post=343081"}],"version-history":[{"count":1,"href":"https:\/\/archive.sana.sy\/es\/index.php?rest_route=\/wp\/v2\/posts\/343081\/revisions"}],"predecessor-version":[{"id":343083,"href":"https:\/\/archive.sana.sy\/es\/index.php?rest_route=\/wp\/v2\/posts\/343081\/revisions\/343083"}],"wp:featuredmedia":[{"embeddable":true,"href":"https:\/\/archive.sana.sy\/es\/index.php?rest_route=\/wp\/v2\/media\/343082"}],"wp:attachment":[{"href":"https:\/\/archive.sana.sy\/es\/index.php?rest_route=%2Fwp%2Fv2%2Fmedia&parent=343081"}],"wp:term":[{"taxonomy":"category","embeddable":true,"href":"https:\/\/archive.sana.sy\/es\/index.php?rest_route=%2Fwp%2Fv2%2Fcategories&post=343081"},{"taxonomy":"post_tag","embeddable":true,"href":"https:\/\/archive.sana.sy\/es\/index.php?rest_route=%2Fwp%2Fv2%2Ftags&post=343081"}],"curies":[{"name":"wp","href":"https:\/\/api.w.org\/{rel}","templated":true}]}}