{"id":343099,"date":"2024-11-18T20:19:31","date_gmt":"2024-11-18T17:19:31","guid":{"rendered":"https:\/\/sana.sy\/es\/?p=343099"},"modified":"2024-11-18T20:19:31","modified_gmt":"2024-11-18T17:19:31","slug":"cuba-reitera-su-condena-a-las-masacres-israelies-en-gaza-y-libano","status":"publish","type":"post","link":"https:\/\/archive.sana.sy\/es\/?p=343099","title":{"rendered":"Cuba reitera su condena a las masacres israel\u00edes en Gaza y L\u00edbano"},"content":{"rendered":"<p style=\"text-align: justify;\"><span style=\"color: #800000;\"><strong>La Habana, 18 nov (SANA)<\/strong><\/span> Cuba reiter\u00f3 su condena a las masacres cometidas por la ocupaci\u00f3n israel\u00ed en la Franja de Gaza y el L\u00edbano, que cobraron la vida de miles de v\u00edctimas inocentes.<\/p>\n<p style=\"text-align: justify;\">\u00a0\u201cCondenamos las recientes masacres israel\u00edes contra poblaci\u00f3n civil de Gaza y L\u00edbano que han provocado decenas de v\u00edctimas, principalmente ni\u00f1os y mujeres inocentes\u201d, escribi\u00f3 el ministro de Asuntos Exteriores de Cuba, Bruno Rodr\u00edguez Parrilla, en la plataforma X.<\/p>\n<p style=\"text-align: justify;\">Asimismo, el Canciller cubano inst\u00f3 que \u201cIsrael\u201d tiene que detener su genocidio en Medio Oriente.<\/p>\n<p style=\"text-align: justify;\">Adem\u00e1s,\u00a0 destac\u00f3 que se debe poner fin a la impunidad de la entidad sionista y a los dobles raseros.<\/p>\n<p>ahs\/sm<\/p>\n","protected":false},"excerpt":{"rendered":"<p>La Habana, 18 nov (SANA) Cuba reiter\u00f3 su condena a las masacres cometidas por la ocupaci\u00f3n israel\u00ed en la Franja de Gaza y el L\u00edbano, que cobraron la vida de miles de v\u00edctimas inocentes. \u00a0\u201cCondenamos las recientes masacres israel\u00edes contra poblaci\u00f3n civil de Gaza y L\u00edbano que han provocado decenas de v\u00edctimas, principalmente ni\u00f1os y &hellip;<\/p>\n","protected":false},"author":43,"featured_media":343100,"comment_status":"closed","ping_status":"closed","sticky":false,"template":"","format":"standard","meta":{"footnotes":""},"categories":[597,456,16687,20724,7541],"tags":[],"class_list":["post-343099","post","type-post","status-publish","format-standard","has-post-thumbnail","","category-cinta-de-noticias","category-arabe-internacional-politica","category-internacionales","category-minuto-a-minuto","category-ultimas-noticias"],"_links":{"self":[{"href":"https:\/\/archive.sana.sy\/es\/index.php?rest_route=\/wp\/v2\/posts\/343099"}],"collection":[{"href":"https:\/\/archive.sana.sy\/es\/index.php?rest_route=\/wp\/v2\/posts"}],"about":[{"href":"https:\/\/archive.sana.sy\/es\/index.php?rest_route=\/wp\/v2\/types\/post"}],"author":[{"embeddable":true,"href":"https:\/\/archive.sana.sy\/es\/index.php?rest_route=\/wp\/v2\/users\/43"}],"replies":[{"embeddable":true,"href":"https:\/\/archive.sana.sy\/es\/index.php?rest_route=%2Fwp%2Fv2%2Fcomments&post=343099"}],"version-history":[{"count":1,"href":"https:\/\/archive.sana.sy\/es\/index.php?rest_route=\/wp\/v2\/posts\/343099\/revisions"}],"predecessor-version":[{"id":343101,"href":"https:\/\/archive.sana.sy\/es\/index.php?rest_route=\/wp\/v2\/posts\/343099\/revisions\/343101"}],"wp:featuredmedia":[{"embeddable":true,"href":"https:\/\/archive.sana.sy\/es\/index.php?rest_route=\/wp\/v2\/media\/343100"}],"wp:attachment":[{"href":"https:\/\/archive.sana.sy\/es\/index.php?rest_route=%2Fwp%2Fv2%2Fmedia&parent=343099"}],"wp:term":[{"taxonomy":"category","embeddable":true,"href":"https:\/\/archive.sana.sy\/es\/index.php?rest_route=%2Fwp%2Fv2%2Fcategories&post=343099"},{"taxonomy":"post_tag","embeddable":true,"href":"https:\/\/archive.sana.sy\/es\/index.php?rest_route=%2Fwp%2Fv2%2Ftags&post=343099"}],"curies":[{"name":"wp","href":"https:\/\/api.w.org\/{rel}","templated":true}]}}