{"id":343113,"date":"2024-11-19T10:42:04","date_gmt":"2024-11-19T07:42:04","guid":{"rendered":"https:\/\/sana.sy\/es\/?p=343113"},"modified":"2024-11-19T10:42:04","modified_gmt":"2024-11-19T07:42:04","slug":"%e2%9a%a1%ef%b8%8fmedios-palestinos-reportan-muerte-de-dos-jovenes-en-un-bombardeo-de-la-ocupacion-israeli-contra-una-casa-en-la-aldea-de-al-shuhada-al-sur-de-la-ciudad-de-jenin-en-cisjordania","status":"publish","type":"post","link":"https:\/\/archive.sana.sy\/es\/?p=343113","title":{"rendered":"&#x26a1;&#xfe0f;Medios palestinos reportan muerte de dos j\u00f3venes en un bombardeo de la ocupaci\u00f3n israel\u00ed contra una casa en la aldea de Al- Shuhada, al sur de la ciudad de Jenin, en Cisjordania."},"content":{"rendered":"","protected":false},"excerpt":{"rendered":"","protected":false},"author":32,"featured_media":0,"comment_status":"closed","ping_status":"closed","sticky":false,"template":"","format":"standard","meta":{"footnotes":""},"categories":[20724],"tags":[],"class_list":["post-343113","post","type-post","status-publish","format-standard","","category-minuto-a-minuto"],"_links":{"self":[{"href":"https:\/\/archive.sana.sy\/es\/index.php?rest_route=\/wp\/v2\/posts\/343113"}],"collection":[{"href":"https:\/\/archive.sana.sy\/es\/index.php?rest_route=\/wp\/v2\/posts"}],"about":[{"href":"https:\/\/archive.sana.sy\/es\/index.php?rest_route=\/wp\/v2\/types\/post"}],"author":[{"embeddable":true,"href":"https:\/\/archive.sana.sy\/es\/index.php?rest_route=\/wp\/v2\/users\/32"}],"replies":[{"embeddable":true,"href":"https:\/\/archive.sana.sy\/es\/index.php?rest_route=%2Fwp%2Fv2%2Fcomments&post=343113"}],"version-history":[{"count":1,"href":"https:\/\/archive.sana.sy\/es\/index.php?rest_route=\/wp\/v2\/posts\/343113\/revisions"}],"predecessor-version":[{"id":343114,"href":"https:\/\/archive.sana.sy\/es\/index.php?rest_route=\/wp\/v2\/posts\/343113\/revisions\/343114"}],"wp:attachment":[{"href":"https:\/\/archive.sana.sy\/es\/index.php?rest_route=%2Fwp%2Fv2%2Fmedia&parent=343113"}],"wp:term":[{"taxonomy":"category","embeddable":true,"href":"https:\/\/archive.sana.sy\/es\/index.php?rest_route=%2Fwp%2Fv2%2Fcategories&post=343113"},{"taxonomy":"post_tag","embeddable":true,"href":"https:\/\/archive.sana.sy\/es\/index.php?rest_route=%2Fwp%2Fv2%2Ftags&post=343113"}],"curies":[{"name":"wp","href":"https:\/\/api.w.org\/{rel}","templated":true}]}}