{"id":343116,"date":"2024-11-19T11:21:04","date_gmt":"2024-11-19T08:21:04","guid":{"rendered":"https:\/\/sana.sy\/es\/?p=343116"},"modified":"2024-11-19T11:21:04","modified_gmt":"2024-11-19T08:21:04","slug":"rusia-derriba-12-drones-ucranianos","status":"publish","type":"post","link":"https:\/\/archive.sana.sy\/es\/?p=343116","title":{"rendered":"Rusia derriba 12 drones ucranianos"},"content":{"rendered":"<p style=\"text-align: justify;\"><span style=\"color: #800000;\"><strong>\u00a0Mosc\u00fa, 19 nov (SANA)<\/strong><\/span> El Ministerio de Defensa ruso anunci\u00f3 la destrucci\u00f3n de 12 drones ucranianos sobre el territorio de las regiones rusas de Rostov y Belgorod.<\/p>\n<p style=\"text-align: justify;\">El Ministerio inform\u00f3 por medio de un comunicado que &#8220;durante la noche pasada, los militares frustraron varios intentos del r\u00e9gimen de Kiev de llevar a cabo ataques terroristas utilizando drones contra objetivos en territorio ruso\u201d.<\/p>\n<p style=\"text-align: justify;\">Agreg\u00f3 que los sistemas de defensa a\u00e9rea en servicio destruyeron 12 drones ucranianos, 11 sobre territorio de la regi\u00f3n de Rostov, dos sobre Rostov y una sobre el territorio de Belgorod.<\/p>\n<p style=\"text-align: justify;\">ed\/fm<\/p>\n","protected":false},"excerpt":{"rendered":"<p>\u00a0Mosc\u00fa, 19 nov (SANA) El Ministerio de Defensa ruso anunci\u00f3 la destrucci\u00f3n de 12 drones ucranianos sobre el territorio de las regiones rusas de Rostov y Belgorod. El Ministerio inform\u00f3 por medio de un comunicado que &#8220;durante la noche pasada, los militares frustraron varios intentos del r\u00e9gimen de Kiev de llevar a cabo ataques terroristas &hellip;<\/p>\n","protected":false},"author":32,"featured_media":343117,"comment_status":"closed","ping_status":"closed","sticky":false,"template":"","format":"standard","meta":{"footnotes":""},"categories":[597,456,20724,7541],"tags":[],"class_list":["post-343116","post","type-post","status-publish","format-standard","has-post-thumbnail","","category-cinta-de-noticias","category-arabe-internacional-politica","category-minuto-a-minuto","category-ultimas-noticias"],"_links":{"self":[{"href":"https:\/\/archive.sana.sy\/es\/index.php?rest_route=\/wp\/v2\/posts\/343116"}],"collection":[{"href":"https:\/\/archive.sana.sy\/es\/index.php?rest_route=\/wp\/v2\/posts"}],"about":[{"href":"https:\/\/archive.sana.sy\/es\/index.php?rest_route=\/wp\/v2\/types\/post"}],"author":[{"embeddable":true,"href":"https:\/\/archive.sana.sy\/es\/index.php?rest_route=\/wp\/v2\/users\/32"}],"replies":[{"embeddable":true,"href":"https:\/\/archive.sana.sy\/es\/index.php?rest_route=%2Fwp%2Fv2%2Fcomments&post=343116"}],"version-history":[{"count":1,"href":"https:\/\/archive.sana.sy\/es\/index.php?rest_route=\/wp\/v2\/posts\/343116\/revisions"}],"predecessor-version":[{"id":343118,"href":"https:\/\/archive.sana.sy\/es\/index.php?rest_route=\/wp\/v2\/posts\/343116\/revisions\/343118"}],"wp:featuredmedia":[{"embeddable":true,"href":"https:\/\/archive.sana.sy\/es\/index.php?rest_route=\/wp\/v2\/media\/343117"}],"wp:attachment":[{"href":"https:\/\/archive.sana.sy\/es\/index.php?rest_route=%2Fwp%2Fv2%2Fmedia&parent=343116"}],"wp:term":[{"taxonomy":"category","embeddable":true,"href":"https:\/\/archive.sana.sy\/es\/index.php?rest_route=%2Fwp%2Fv2%2Fcategories&post=343116"},{"taxonomy":"post_tag","embeddable":true,"href":"https:\/\/archive.sana.sy\/es\/index.php?rest_route=%2Fwp%2Fv2%2Ftags&post=343116"}],"curies":[{"name":"wp","href":"https:\/\/api.w.org\/{rel}","templated":true}]}}