{"id":343134,"date":"2024-11-19T12:10:16","date_gmt":"2024-11-19T09:10:16","guid":{"rendered":"https:\/\/sana.sy\/es\/?p=343134"},"modified":"2024-11-19T12:10:16","modified_gmt":"2024-11-19T09:10:16","slug":"canciller-sirio-inicia-visita-de-trabajo-a-iran-2","status":"publish","type":"post","link":"https:\/\/archive.sana.sy\/es\/?p=343134","title":{"rendered":"Canciller sirio inicia visita de trabajo a Ir\u00e1n"},"content":{"rendered":"<p style=\"text-align: justify;\"><span style=\"color: #800000;\"><strong>Teher\u00e1n, 19 nov (SANA)<\/strong><\/span> El ministro sirio de Asuntos Exteriores y Expatriados, Bassam Sabbagh, lleg\u00f3 hoy a Teher\u00e1n, la capital iran\u00ed, en una visita de trabajo.<\/p>\n<p style=\"text-align: justify;\">Sabbagh encabeza una delegaci\u00f3n oficial conformada por el vicecanciller Ayman Raad, el director del Departamento de Asuntos Afroasi\u00e1ticos y Oce\u00e1nicos, Tamam Suleiman, y el director del Departamento de Apoyo Ejecutivo. Al-Hakam Dendi.<\/p>\n<p style=\"text-align: justify;\">La delegaci\u00f3n fue recibida por Mehdi Shushtari, el ministro adjunto de Asuntos Exteriores de Ir\u00e1n.<\/p>\n<p style=\"text-align: justify;\">Durante la visita, el Canciller sostendr\u00e1 conversaciones con altos funcionarios iran\u00edes sobre el fortalecimiento de las relaciones bilaterales y la evoluci\u00f3n de la situaci\u00f3n en la regi\u00f3n.<\/p>\n<p style=\"text-align: justify;\">fm\/as<\/p>\n","protected":false},"excerpt":{"rendered":"<p>Teher\u00e1n, 19 nov (SANA) El ministro sirio de Asuntos Exteriores y Expatriados, Bassam Sabbagh, lleg\u00f3 hoy a Teher\u00e1n, la capital iran\u00ed, en una visita de trabajo. Sabbagh encabeza una delegaci\u00f3n oficial conformada por el vicecanciller Ayman Raad, el director del Departamento de Asuntos Afroasi\u00e1ticos y Oce\u00e1nicos, Tamam Suleiman, y el director del Departamento de Apoyo &hellip;<\/p>\n","protected":false},"author":42,"featured_media":343135,"comment_status":"closed","ping_status":"closed","sticky":false,"template":"","format":"standard","meta":{"footnotes":""},"categories":[597,20724,467,583],"tags":[],"class_list":["post-343134","post","type-post","status-publish","format-standard","has-post-thumbnail","","category-cinta-de-noticias","category-minuto-a-minuto","category-siria-y-el-mundo","category-slide"],"_links":{"self":[{"href":"https:\/\/archive.sana.sy\/es\/index.php?rest_route=\/wp\/v2\/posts\/343134"}],"collection":[{"href":"https:\/\/archive.sana.sy\/es\/index.php?rest_route=\/wp\/v2\/posts"}],"about":[{"href":"https:\/\/archive.sana.sy\/es\/index.php?rest_route=\/wp\/v2\/types\/post"}],"author":[{"embeddable":true,"href":"https:\/\/archive.sana.sy\/es\/index.php?rest_route=\/wp\/v2\/users\/42"}],"replies":[{"embeddable":true,"href":"https:\/\/archive.sana.sy\/es\/index.php?rest_route=%2Fwp%2Fv2%2Fcomments&post=343134"}],"version-history":[{"count":1,"href":"https:\/\/archive.sana.sy\/es\/index.php?rest_route=\/wp\/v2\/posts\/343134\/revisions"}],"predecessor-version":[{"id":343136,"href":"https:\/\/archive.sana.sy\/es\/index.php?rest_route=\/wp\/v2\/posts\/343134\/revisions\/343136"}],"wp:featuredmedia":[{"embeddable":true,"href":"https:\/\/archive.sana.sy\/es\/index.php?rest_route=\/wp\/v2\/media\/343135"}],"wp:attachment":[{"href":"https:\/\/archive.sana.sy\/es\/index.php?rest_route=%2Fwp%2Fv2%2Fmedia&parent=343134"}],"wp:term":[{"taxonomy":"category","embeddable":true,"href":"https:\/\/archive.sana.sy\/es\/index.php?rest_route=%2Fwp%2Fv2%2Fcategories&post=343134"},{"taxonomy":"post_tag","embeddable":true,"href":"https:\/\/archive.sana.sy\/es\/index.php?rest_route=%2Fwp%2Fv2%2Ftags&post=343134"}],"curies":[{"name":"wp","href":"https:\/\/api.w.org\/{rel}","templated":true}]}}