{"id":343151,"date":"2024-11-19T18:10:43","date_gmt":"2024-11-19T15:10:43","guid":{"rendered":"https:\/\/sana.sy\/es\/?p=343151"},"modified":"2024-11-19T18:13:29","modified_gmt":"2024-11-19T15:13:29","slug":"rueda-de-prensa-conjunta-de-los-cancilleres-de-siria-e-iran","status":"publish","type":"post","link":"https:\/\/archive.sana.sy\/es\/?p=343151","title":{"rendered":"Rueda de prensa conjunta de los cancilleres de Siria e Ir\u00e1n"},"content":{"rendered":"<p style=\"text-align: justify\"><span style=\"color: #800000\"><strong>Teher\u00e1n, 19 nov (SANA)<\/strong><\/span> El ministro de Asuntos Exteriores iran\u00ed, Abbas Araghchi, y su hom\u00f3logo sirio, Bassam Sabbagh, celebraron hoy una rueda de celebrada al t\u00e9rmino de sus conversaciones sostenidas en Teher\u00e1n.<\/p>\n<p style=\"text-align: justify\">Araghchi: Estamos del lado de Siria y lo seguiremos estando,<\/p>\n<p style=\"text-align: justify\">Repasamos las relaciones bilaterales en todos los campos, y reiteramos que estamos del lado de Siria y lo seguiremos estando, afirm\u00f3 el Canciller iran\u00ed.<\/p>\n<p style=\"text-align: justify\">Conden\u00f3 las agresiones israel\u00edes contra territorio sirio y el saqueo de las riquezas naturales del pueblo sirio por parte de las fuerzas de Estados Unidos presentes ilegalmente en el nordeste de Siria.<\/p>\n<p style=\"text-align: justify\">El jefe de la diplomacia persa aclar\u00f3 que Siria atraviesa actualmente una crisis econ\u00f3mica y, a pesar de ello, recibi\u00f3 a unos 500.000 refugiados del L\u00edbano.<\/p>\n<p style=\"text-align: justify\">Teher\u00e1n proporcionar\u00e1 toda la asistencia posible en este sentido y pedimos ayuda a la comunidad internacional, asegur\u00f3.<\/p>\n<p style=\"text-align: justify\">Por otro lado, reafirm\u00f3 que cualquier ataque a Ir\u00e1n no quedar\u00e1 sin respuesta, y que esto lo demostr\u00f3 Teher\u00e1n durante las Operaciones Al-Waad Al-Sadiq I y II.<\/p>\n<p style=\"text-align: justify\">Sabbagh: La regi\u00f3n no gozar\u00e1 de la estabilidad a menos que se ponga fin la ocupaci\u00f3n israel\u00ed<\/p>\n<p style=\"text-align: justify\">A su vez, el ministro de Asuntos Exteriores sirio, Bassam Sabbagh, explic\u00f3 que las conversaciones han sido positivas y encaminadas a mejorar la cooperaci\u00f3n en todos los campos, en beneficio de los pueblos de ambos pa\u00edses.<\/p>\n<p style=\"text-align: justify\">Hemos abordado el tema de la agresi\u00f3n israel\u00ed contra la Franja de Gaza y su extensi\u00f3n hacia el L\u00edbano y los repetidos ataques israel\u00edes contra territorio sirio, puntualiz\u00f3.<\/p>\n<p style=\"text-align: justify\">Agreg\u00f3 que Siria e Ir\u00e1n condenan los cr\u00edmenes de genocidio cometidos por el ocupante israel\u00ed, exigen que sus responsables rindan cuentas por sus cr\u00edmenes y afirman el derecho de los pueblos a resistir.<\/p>\n<p style=\"text-align: justify\">La regi\u00f3n no gozar\u00e1 de la estabilidad a menos que se ponga fin la ocupaci\u00f3n israel\u00ed, asegur\u00f3 Sabbagh.<\/p>\n<p style=\"text-align: justify\">Tambi\u00e9n, destac\u00f3 que erradicar el terrorismo en todas sus formas y detener el apoyo a algunos pa\u00edses al mismo es necesario para la estabilidad de toda la regi\u00f3n.<\/p>\n<p style=\"text-align: justify\">Sabbagh indic\u00f3 que los dos pa\u00edses condenan las medidas coercitivas ilegales que se les imponen y cooperan para enfrentar sus efectos.<\/p>\n<p style=\"text-align: justify\">La actual escalada israel\u00ed en nuestra regi\u00f3n responde a un viejo proyecto sionista-estadounidense para remodelar nuestra regi\u00f3n, y se est\u00e1n utilizando herramientas terroristas con este prop\u00f3sito, opin\u00f3 el Ministro sirio.<\/p>\n<p style=\"text-align: justify\">fm\/as<\/p>\n","protected":false},"excerpt":{"rendered":"<p>Teher\u00e1n, 19 nov (SANA) El ministro de Asuntos Exteriores iran\u00ed, Abbas Araghchi, y su hom\u00f3logo sirio, Bassam Sabbagh, celebraron hoy una rueda de celebrada al t\u00e9rmino de sus conversaciones sostenidas en Teher\u00e1n. Araghchi: Estamos del lado de Siria y lo seguiremos estando, Repasamos las relaciones bilaterales en todos los campos, y reiteramos que estamos del &hellip;<\/p>\n","protected":false},"author":42,"featured_media":343152,"comment_status":"closed","ping_status":"closed","sticky":false,"template":"","format":"standard","meta":{"footnotes":""},"categories":[597,20724,467,583],"tags":[],"class_list":["post-343151","post","type-post","status-publish","format-standard","has-post-thumbnail","","category-cinta-de-noticias","category-minuto-a-minuto","category-siria-y-el-mundo","category-slide"],"_links":{"self":[{"href":"https:\/\/archive.sana.sy\/es\/index.php?rest_route=\/wp\/v2\/posts\/343151"}],"collection":[{"href":"https:\/\/archive.sana.sy\/es\/index.php?rest_route=\/wp\/v2\/posts"}],"about":[{"href":"https:\/\/archive.sana.sy\/es\/index.php?rest_route=\/wp\/v2\/types\/post"}],"author":[{"embeddable":true,"href":"https:\/\/archive.sana.sy\/es\/index.php?rest_route=\/wp\/v2\/users\/42"}],"replies":[{"embeddable":true,"href":"https:\/\/archive.sana.sy\/es\/index.php?rest_route=%2Fwp%2Fv2%2Fcomments&post=343151"}],"version-history":[{"count":3,"href":"https:\/\/archive.sana.sy\/es\/index.php?rest_route=\/wp\/v2\/posts\/343151\/revisions"}],"predecessor-version":[{"id":343183,"href":"https:\/\/archive.sana.sy\/es\/index.php?rest_route=\/wp\/v2\/posts\/343151\/revisions\/343183"}],"wp:featuredmedia":[{"embeddable":true,"href":"https:\/\/archive.sana.sy\/es\/index.php?rest_route=\/wp\/v2\/media\/343152"}],"wp:attachment":[{"href":"https:\/\/archive.sana.sy\/es\/index.php?rest_route=%2Fwp%2Fv2%2Fmedia&parent=343151"}],"wp:term":[{"taxonomy":"category","embeddable":true,"href":"https:\/\/archive.sana.sy\/es\/index.php?rest_route=%2Fwp%2Fv2%2Fcategories&post=343151"},{"taxonomy":"post_tag","embeddable":true,"href":"https:\/\/archive.sana.sy\/es\/index.php?rest_route=%2Fwp%2Fv2%2Ftags&post=343151"}],"curies":[{"name":"wp","href":"https:\/\/api.w.org\/{rel}","templated":true}]}}