{"id":343171,"date":"2024-11-19T18:06:38","date_gmt":"2024-11-19T15:06:38","guid":{"rendered":"https:\/\/sana.sy\/es\/?p=343171"},"modified":"2024-11-19T18:09:21","modified_gmt":"2024-11-19T15:09:21","slug":"arriba-a-damasco-el-segundo-avion-pakistani-de-ayuda-humanitaria-al-pueblo-libanes","status":"publish","type":"post","link":"https:\/\/archive.sana.sy\/es\/?p=343171","title":{"rendered":"Arriba a Damasco el segundo avi\u00f3n pakistan\u00ed de ayuda humanitaria al pueblo liban\u00e9s"},"content":{"rendered":"<p style=\"text-align: justify\"><span style=\"color: #800000\"><strong>Damasco, 19 nov (SANA)<\/strong><\/span> Un avi\u00f3n paquistan\u00ed aterriz\u00f3 este martes en el\u00a0 Aeropuerto Internacional de Damasco cargado de 16 toneladas de ayuda humanitaria a los desplazados procedentes del L\u00edbano.<\/p>\n<p style=\"text-align: justify\">Se trata del segundo avi\u00f3n de esta naci\u00f3n asi\u00e1tica que llega a Siria en menos de una semana.<\/p>\n<p style=\"text-align: justify\">El asesor del Embajador paquistan\u00ed, Omar Khan, declar\u00f3 a la prensa que hasta la fecha \u201chan llegado unas 30 toneladas de material de socorro, y durante la pr\u00f3xima semana se enviar\u00e1n m\u00e1s aviones con ayuda\u201d.<\/p>\n<p style=\"text-align: justify\">El total de la ayuda que debe llegar a Siria es 80 toneladas, seg\u00fan palabras del alto diplom\u00e1tico paquistan\u00ed.<\/p>\n<p style=\"text-align: justify\">Khan explic\u00f3 que esta asistencia se entrega al Comit\u00e9 Supremo de Ayuda sirio, que a su vez la distribuye a los necesitados en coordinaci\u00f3n con la Media Luna Roja \u00c1rabe Siria.<\/p>\n<div id='gallery-1' class='gallery galleryid-343171 gallery-columns-1 gallery-size-large'><figure class='gallery-item'>\n\t\t\t<div class='gallery-icon landscape'>\n\t\t\t\t<a href='https:\/\/archive.sana.sy\/es\/wp-content\/uploads\/2024\/11\/DSC_0500-scaled.jpg'><img loading=\"lazy\" decoding=\"async\" width=\"618\" height=\"412\" src=\"https:\/\/archive.sana.sy\/es\/wp-content\/uploads\/2024\/11\/DSC_0500-1024x682.jpg\" class=\"attachment-large size-large\" alt=\"\" srcset=\"https:\/\/archive.sana.sy\/es\/wp-content\/uploads\/2024\/11\/DSC_0500-1024x682.jpg 1024w, https:\/\/archive.sana.sy\/es\/wp-content\/uploads\/2024\/11\/DSC_0500-300x200.jpg 300w, https:\/\/archive.sana.sy\/es\/wp-content\/uploads\/2024\/11\/DSC_0500-150x100.jpg 150w, https:\/\/archive.sana.sy\/es\/wp-content\/uploads\/2024\/11\/DSC_0500-768x511.jpg 768w, https:\/\/archive.sana.sy\/es\/wp-content\/uploads\/2024\/11\/DSC_0500-1536x1022.jpg 1536w, https:\/\/archive.sana.sy\/es\/wp-content\/uploads\/2024\/11\/DSC_0500-2048x1363.jpg 2048w\" sizes=\"(max-width: 618px) 100vw, 618px\" \/><\/a>\n\t\t\t<\/div><\/figure><figure class='gallery-item'>\n\t\t\t<div class='gallery-icon landscape'>\n\t\t\t\t<a href='https:\/\/archive.sana.sy\/es\/wp-content\/uploads\/2024\/11\/DSC_0529-scaled.jpg'><img loading=\"lazy\" decoding=\"async\" width=\"618\" height=\"412\" src=\"https:\/\/archive.sana.sy\/es\/wp-content\/uploads\/2024\/11\/DSC_0529-1024x682.jpg\" class=\"attachment-large size-large\" alt=\"\" srcset=\"https:\/\/archive.sana.sy\/es\/wp-content\/uploads\/2024\/11\/DSC_0529-1024x682.jpg 1024w, https:\/\/archive.sana.sy\/es\/wp-content\/uploads\/2024\/11\/DSC_0529-300x200.jpg 300w, https:\/\/archive.sana.sy\/es\/wp-content\/uploads\/2024\/11\/DSC_0529-150x100.jpg 150w, https:\/\/archive.sana.sy\/es\/wp-content\/uploads\/2024\/11\/DSC_0529-768x511.jpg 768w, https:\/\/archive.sana.sy\/es\/wp-content\/uploads\/2024\/11\/DSC_0529-1536x1022.jpg 1536w, https:\/\/archive.sana.sy\/es\/wp-content\/uploads\/2024\/11\/DSC_0529-2048x1363.jpg 2048w\" sizes=\"(max-width: 618px) 100vw, 618px\" \/><\/a>\n\t\t\t<\/div><\/figure><figure class='gallery-item'>\n\t\t\t<div class='gallery-icon landscape'>\n\t\t\t\t<a href='https:\/\/archive.sana.sy\/es\/wp-content\/uploads\/2024\/11\/DSC_0505-scaled.jpg'><img loading=\"lazy\" decoding=\"async\" width=\"618\" height=\"411\" src=\"https:\/\/archive.sana.sy\/es\/wp-content\/uploads\/2024\/11\/DSC_0505-1024x681.jpg\" class=\"attachment-large size-large\" alt=\"\" srcset=\"https:\/\/archive.sana.sy\/es\/wp-content\/uploads\/2024\/11\/DSC_0505-1024x681.jpg 1024w, https:\/\/archive.sana.sy\/es\/wp-content\/uploads\/2024\/11\/DSC_0505-300x200.jpg 300w, https:\/\/archive.sana.sy\/es\/wp-content\/uploads\/2024\/11\/DSC_0505-150x100.jpg 150w, https:\/\/archive.sana.sy\/es\/wp-content\/uploads\/2024\/11\/DSC_0505-768x511.jpg 768w, https:\/\/archive.sana.sy\/es\/wp-content\/uploads\/2024\/11\/DSC_0505-1536x1022.jpg 1536w, https:\/\/archive.sana.sy\/es\/wp-content\/uploads\/2024\/11\/DSC_0505-2048x1362.jpg 2048w, https:\/\/archive.sana.sy\/es\/wp-content\/uploads\/2024\/11\/DSC_0505-310x205.jpg 310w\" sizes=\"(max-width: 618px) 100vw, 618px\" \/><\/a>\n\t\t\t<\/div><\/figure><figure class='gallery-item'>\n\t\t\t<div class='gallery-icon landscape'>\n\t\t\t\t<a href='https:\/\/archive.sana.sy\/es\/wp-content\/uploads\/2024\/11\/DSC_0512-scaled.jpg'><img loading=\"lazy\" decoding=\"async\" width=\"618\" height=\"412\" src=\"https:\/\/archive.sana.sy\/es\/wp-content\/uploads\/2024\/11\/DSC_0512-1024x682.jpg\" class=\"attachment-large size-large\" alt=\"\" srcset=\"https:\/\/archive.sana.sy\/es\/wp-content\/uploads\/2024\/11\/DSC_0512-1024x682.jpg 1024w, https:\/\/archive.sana.sy\/es\/wp-content\/uploads\/2024\/11\/DSC_0512-300x200.jpg 300w, https:\/\/archive.sana.sy\/es\/wp-content\/uploads\/2024\/11\/DSC_0512-150x100.jpg 150w, https:\/\/archive.sana.sy\/es\/wp-content\/uploads\/2024\/11\/DSC_0512-768x511.jpg 768w, https:\/\/archive.sana.sy\/es\/wp-content\/uploads\/2024\/11\/DSC_0512-1536x1022.jpg 1536w, https:\/\/archive.sana.sy\/es\/wp-content\/uploads\/2024\/11\/DSC_0512-2048x1363.jpg 2048w\" sizes=\"(max-width: 618px) 100vw, 618px\" \/><\/a>\n\t\t\t<\/div><\/figure><figure class='gallery-item'>\n\t\t\t<div class='gallery-icon landscape'>\n\t\t\t\t<a href='https:\/\/archive.sana.sy\/es\/wp-content\/uploads\/2024\/11\/DSC_0513-scaled.jpg'><img loading=\"lazy\" decoding=\"async\" width=\"618\" height=\"412\" src=\"https:\/\/archive.sana.sy\/es\/wp-content\/uploads\/2024\/11\/DSC_0513-1024x682.jpg\" class=\"attachment-large size-large\" alt=\"\" srcset=\"https:\/\/archive.sana.sy\/es\/wp-content\/uploads\/2024\/11\/DSC_0513-1024x682.jpg 1024w, https:\/\/archive.sana.sy\/es\/wp-content\/uploads\/2024\/11\/DSC_0513-300x200.jpg 300w, https:\/\/archive.sana.sy\/es\/wp-content\/uploads\/2024\/11\/DSC_0513-150x100.jpg 150w, https:\/\/archive.sana.sy\/es\/wp-content\/uploads\/2024\/11\/DSC_0513-768x511.jpg 768w, https:\/\/archive.sana.sy\/es\/wp-content\/uploads\/2024\/11\/DSC_0513-1536x1022.jpg 1536w, https:\/\/archive.sana.sy\/es\/wp-content\/uploads\/2024\/11\/DSC_0513-2048x1363.jpg 2048w\" sizes=\"(max-width: 618px) 100vw, 618px\" \/><\/a>\n\t\t\t<\/div><\/figure><figure class='gallery-item'>\n\t\t\t<div class='gallery-icon landscape'>\n\t\t\t\t<a href='https:\/\/archive.sana.sy\/es\/wp-content\/uploads\/2024\/11\/DSC_0531-scaled.jpg'><img loading=\"lazy\" decoding=\"async\" width=\"618\" height=\"412\" src=\"https:\/\/archive.sana.sy\/es\/wp-content\/uploads\/2024\/11\/DSC_0531-1024x682.jpg\" class=\"attachment-large size-large\" alt=\"\" srcset=\"https:\/\/archive.sana.sy\/es\/wp-content\/uploads\/2024\/11\/DSC_0531-1024x682.jpg 1024w, https:\/\/archive.sana.sy\/es\/wp-content\/uploads\/2024\/11\/DSC_0531-300x200.jpg 300w, https:\/\/archive.sana.sy\/es\/wp-content\/uploads\/2024\/11\/DSC_0531-150x100.jpg 150w, https:\/\/archive.sana.sy\/es\/wp-content\/uploads\/2024\/11\/DSC_0531-768x511.jpg 768w, https:\/\/archive.sana.sy\/es\/wp-content\/uploads\/2024\/11\/DSC_0531-1536x1022.jpg 1536w, https:\/\/archive.sana.sy\/es\/wp-content\/uploads\/2024\/11\/DSC_0531-2048x1363.jpg 2048w\" sizes=\"(max-width: 618px) 100vw, 618px\" \/><\/a>\n\t\t\t<\/div><\/figure>\n\t\t<\/div>\n\n<p style=\"text-align: justify\">la\/fm<\/p>\n","protected":false},"excerpt":{"rendered":"<p>Damasco, 19 nov (SANA) Un avi\u00f3n paquistan\u00ed aterriz\u00f3 este martes en el\u00a0 Aeropuerto Internacional de Damasco cargado de 16 toneladas de ayuda humanitaria a los desplazados procedentes del L\u00edbano. Se trata del segundo avi\u00f3n de esta naci\u00f3n asi\u00e1tica que llega a Siria en menos de una semana. El asesor del Embajador paquistan\u00ed, Omar Khan, declar\u00f3 &hellip;<\/p>\n","protected":false},"author":24,"featured_media":343172,"comment_status":"closed","ping_status":"closed","sticky":false,"template":"","format":"standard","meta":{"footnotes":""},"categories":[597,20724,467,7541],"tags":[],"class_list":["post-343171","post","type-post","status-publish","format-standard","has-post-thumbnail","","category-cinta-de-noticias","category-minuto-a-minuto","category-siria-y-el-mundo","category-ultimas-noticias"],"_links":{"self":[{"href":"https:\/\/archive.sana.sy\/es\/index.php?rest_route=\/wp\/v2\/posts\/343171"}],"collection":[{"href":"https:\/\/archive.sana.sy\/es\/index.php?rest_route=\/wp\/v2\/posts"}],"about":[{"href":"https:\/\/archive.sana.sy\/es\/index.php?rest_route=\/wp\/v2\/types\/post"}],"author":[{"embeddable":true,"href":"https:\/\/archive.sana.sy\/es\/index.php?rest_route=\/wp\/v2\/users\/24"}],"replies":[{"embeddable":true,"href":"https:\/\/archive.sana.sy\/es\/index.php?rest_route=%2Fwp%2Fv2%2Fcomments&post=343171"}],"version-history":[{"count":3,"href":"https:\/\/archive.sana.sy\/es\/index.php?rest_route=\/wp\/v2\/posts\/343171\/revisions"}],"predecessor-version":[{"id":343181,"href":"https:\/\/archive.sana.sy\/es\/index.php?rest_route=\/wp\/v2\/posts\/343171\/revisions\/343181"}],"wp:featuredmedia":[{"embeddable":true,"href":"https:\/\/archive.sana.sy\/es\/index.php?rest_route=\/wp\/v2\/media\/343172"}],"wp:attachment":[{"href":"https:\/\/archive.sana.sy\/es\/index.php?rest_route=%2Fwp%2Fv2%2Fmedia&parent=343171"}],"wp:term":[{"taxonomy":"category","embeddable":true,"href":"https:\/\/archive.sana.sy\/es\/index.php?rest_route=%2Fwp%2Fv2%2Fcategories&post=343171"},{"taxonomy":"post_tag","embeddable":true,"href":"https:\/\/archive.sana.sy\/es\/index.php?rest_route=%2Fwp%2Fv2%2Ftags&post=343171"}],"curies":[{"name":"wp","href":"https:\/\/api.w.org\/{rel}","templated":true}]}}