{"id":343187,"date":"2024-11-19T19:46:10","date_gmt":"2024-11-19T16:46:10","guid":{"rendered":"https:\/\/sana.sy\/es\/?p=343187"},"modified":"2024-11-19T19:46:10","modified_gmt":"2024-11-19T16:46:10","slug":"presidente-de-rpd-reitera-disposicion-de-fortalecer-cooperacion-multifacetica-con-siria","status":"publish","type":"post","link":"https:\/\/archive.sana.sy\/es\/?p=343187","title":{"rendered":"Presidente de RPD reitera disposici\u00f3n de fortalecer cooperaci\u00f3n multifac\u00e9tica con Siria \u00a0"},"content":{"rendered":"<p style=\"text-align: justify\"><span style=\"color: #800000\"><strong>Mosc\u00fa, 19 nov (SANA)<\/strong><\/span> El presidente de la Rep\u00fablica Popular de, Denis Pushilin, destac\u00f3 la importancia de blindar las relaciones con Siria en las diferentes \u00e1reas, especialmente la educaci\u00f3n, la ciencia y la medicina.<\/p>\n<p style=\"text-align: justify\">Pushilin expres\u00f3 esta postura en declaraciones concedidas al corresponsal de SANA en Mosc\u00fa margen del Foro de Transportes y Comunicaciones celebrado hoy en la capital rusa.<\/p>\n<p style=\"text-align: justify\">Denunci\u00f3 las violaciones de Estados Unidos de las leyes, convenios y normas internacionales, y fustig\u00f3 que Washington utiliza las sanciones como arma en contra de los pueblos de Rusia y Siria al mismo tiempo.<\/p>\n<p style=\"text-align: justify\">En el mismo contexto, expres\u00f3 su en\u00e9rgica condena a la ocupaci\u00f3n estadounidense de tierras sirias y el il\u00edcito saqueo de las riquezas y bienes del pueblo sirio por parte de las tropas ocupantes.<\/p>\n<p style=\"text-align: justify\">Cabe destacar que m\u00e1s de 100 empresas participan en la exposici\u00f3n que acompa\u00f1a al referido foro, las cuales exhiben sus grandes logros y tecnolog\u00edas avanzadas en el campo del transporte, la construcci\u00f3n de infraestructura y los servicios log\u00edsticos.<\/p>\n<p style=\"text-align: justify\">\n<p style=\"text-align: justify\">la<\/p>\n","protected":false},"excerpt":{"rendered":"<p>Mosc\u00fa, 19 nov (SANA) El presidente de la Rep\u00fablica Popular de, Denis Pushilin, destac\u00f3 la importancia de blindar las relaciones con Siria en las diferentes \u00e1reas, especialmente la educaci\u00f3n, la ciencia y la medicina. Pushilin expres\u00f3 esta postura en declaraciones concedidas al corresponsal de SANA en Mosc\u00fa margen del Foro de Transportes y Comunicaciones celebrado &hellip;<\/p>\n","protected":false},"author":24,"featured_media":343188,"comment_status":"closed","ping_status":"closed","sticky":false,"template":"","format":"standard","meta":{"footnotes":""},"categories":[597,467,7541],"tags":[],"class_list":["post-343187","post","type-post","status-publish","format-standard","has-post-thumbnail","","category-cinta-de-noticias","category-siria-y-el-mundo","category-ultimas-noticias"],"_links":{"self":[{"href":"https:\/\/archive.sana.sy\/es\/index.php?rest_route=\/wp\/v2\/posts\/343187"}],"collection":[{"href":"https:\/\/archive.sana.sy\/es\/index.php?rest_route=\/wp\/v2\/posts"}],"about":[{"href":"https:\/\/archive.sana.sy\/es\/index.php?rest_route=\/wp\/v2\/types\/post"}],"author":[{"embeddable":true,"href":"https:\/\/archive.sana.sy\/es\/index.php?rest_route=\/wp\/v2\/users\/24"}],"replies":[{"embeddable":true,"href":"https:\/\/archive.sana.sy\/es\/index.php?rest_route=%2Fwp%2Fv2%2Fcomments&post=343187"}],"version-history":[{"count":1,"href":"https:\/\/archive.sana.sy\/es\/index.php?rest_route=\/wp\/v2\/posts\/343187\/revisions"}],"predecessor-version":[{"id":343189,"href":"https:\/\/archive.sana.sy\/es\/index.php?rest_route=\/wp\/v2\/posts\/343187\/revisions\/343189"}],"wp:featuredmedia":[{"embeddable":true,"href":"https:\/\/archive.sana.sy\/es\/index.php?rest_route=\/wp\/v2\/media\/343188"}],"wp:attachment":[{"href":"https:\/\/archive.sana.sy\/es\/index.php?rest_route=%2Fwp%2Fv2%2Fmedia&parent=343187"}],"wp:term":[{"taxonomy":"category","embeddable":true,"href":"https:\/\/archive.sana.sy\/es\/index.php?rest_route=%2Fwp%2Fv2%2Fcategories&post=343187"},{"taxonomy":"post_tag","embeddable":true,"href":"https:\/\/archive.sana.sy\/es\/index.php?rest_route=%2Fwp%2Fv2%2Ftags&post=343187"}],"curies":[{"name":"wp","href":"https:\/\/api.w.org\/{rel}","templated":true}]}}