{"id":34323,"date":"2015-11-28T14:06:13","date_gmt":"2015-11-28T12:06:13","guid":{"rendered":"http:\/\/sana.sy\/es\/?p=34323"},"modified":"2015-11-28T14:06:13","modified_gmt":"2015-11-28T12:06:13","slug":"efectuan-funerales-de-los-guardias-del-aeropuerto-de-kuwaires-en-latakia-y-swaida","status":"publish","type":"post","link":"https:\/\/archive.sana.sy\/es\/?p=34323","title":{"rendered":"Efect\u00faan funerales de los guardias del aeropuerto de Kuwaires en Latakia y Swaida"},"content":{"rendered":"<p><span style=\"color: #800000\">Provincias, SANA<\/span><\/p>\n<p>Los restos de 26 m\u00e1rtires de los guardias del aeropuerto de Kuwaires se llevaron este s\u00e1bado en solemnes cortejos f\u00fanebres a sus \u00faltimas moradas en las provincias de Latakia y Swaida.<\/p>\n<p>Los actos funerarios contaron con la participaci\u00f3n de masas populares, los gobernadores de Latakia y Swaida y de destacadas figuras pol\u00edticas.<\/p>\n<p>Las familias de los m\u00e1rtires expresaron su enorgullecimiento por los sacrificios de sus hijos, que dar\u00e1n \u00e1nimo a todos los sirios para continuar su lucha antiterrorista.<\/p>\n<p>Asimismo alabaron la valent\u00eda de los h\u00e9roes del ej\u00e9rcito sirio quienes lograron romper el asedio del aeropuerto de Kuwaires.<\/p>\n<p>Cabe recordar que unidades del ej\u00e9rcito sirio hab\u00edan roto el 10 del mes en curso el cerco impuesto por los terroristas del Estado Isl\u00e1mico sobre el aeropuerto de Kuwaires situado en el campo este de Alepo.<\/p>\n<p>Hace pocos d\u00edas las FFAA se hicieron del pleno control de todos los pueblos circundantes de dicho aeropuerto y cortaron el camino que provee suministro log\u00edstico a los terroristas del EI entre Raqqa y la autopista internacional cerca del aeropuerto.<br \/>\nLynn A.<\/p>\n","protected":false},"excerpt":{"rendered":"<p>Provincias, SANA Los restos de 26 m\u00e1rtires de los guardias del aeropuerto de Kuwaires se llevaron este s\u00e1bado en solemnes cortejos f\u00fanebres a sus \u00faltimas moradas en las provincias de Latakia y Swaida. Los actos funerarios contaron con la participaci\u00f3n de masas populares, los gobernadores de Latakia y Swaida y de destacadas figuras pol\u00edticas. Las &hellip;<\/p>\n","protected":false},"author":24,"featured_media":34324,"comment_status":"closed","ping_status":"closed","sticky":false,"template":"","format":"standard","meta":{"footnotes":""},"categories":[477,476],"tags":[],"class_list":["post-34323","post","type-post","status-publish","format-standard","has-post-thumbnail","","category-noticias-edulcorantes","category-locales"],"_links":{"self":[{"href":"https:\/\/archive.sana.sy\/es\/index.php?rest_route=\/wp\/v2\/posts\/34323"}],"collection":[{"href":"https:\/\/archive.sana.sy\/es\/index.php?rest_route=\/wp\/v2\/posts"}],"about":[{"href":"https:\/\/archive.sana.sy\/es\/index.php?rest_route=\/wp\/v2\/types\/post"}],"author":[{"embeddable":true,"href":"https:\/\/archive.sana.sy\/es\/index.php?rest_route=\/wp\/v2\/users\/24"}],"replies":[{"embeddable":true,"href":"https:\/\/archive.sana.sy\/es\/index.php?rest_route=%2Fwp%2Fv2%2Fcomments&post=34323"}],"version-history":[{"count":0,"href":"https:\/\/archive.sana.sy\/es\/index.php?rest_route=\/wp\/v2\/posts\/34323\/revisions"}],"wp:featuredmedia":[{"embeddable":true,"href":"https:\/\/archive.sana.sy\/es\/index.php?rest_route=\/wp\/v2\/media\/34324"}],"wp:attachment":[{"href":"https:\/\/archive.sana.sy\/es\/index.php?rest_route=%2Fwp%2Fv2%2Fmedia&parent=34323"}],"wp:term":[{"taxonomy":"category","embeddable":true,"href":"https:\/\/archive.sana.sy\/es\/index.php?rest_route=%2Fwp%2Fv2%2Fcategories&post=34323"},{"taxonomy":"post_tag","embeddable":true,"href":"https:\/\/archive.sana.sy\/es\/index.php?rest_route=%2Fwp%2Fv2%2Ftags&post=34323"}],"curies":[{"name":"wp","href":"https:\/\/api.w.org\/{rel}","templated":true}]}}