{"id":343253,"date":"2024-11-20T17:27:37","date_gmt":"2024-11-20T14:27:37","guid":{"rendered":"https:\/\/sana.sy\/es\/?p=343253"},"modified":"2024-11-20T19:15:11","modified_gmt":"2024-11-20T16:15:11","slug":"36-muertos-por-la-agresion-israeli-contra-palmira","status":"publish","type":"post","link":"https:\/\/archive.sana.sy\/es\/?p=343253","title":{"rendered":"36 muertos por la agresi\u00f3n israel\u00ed contra Palmira"},"content":{"rendered":"<blockquote>\n<p style=\"text-align: justify\"><span style=\"color: #993300\">Los cazas israel\u00edes llevaron a cabo su ataque desde la zona de Al-Tanef en el este de Siria, ocupada por fuerzas de Estados Unidos.<\/span><\/p>\n<\/blockquote>\n<p style=\"text-align: justify\"><span style=\"color: #800000\"><strong>Damasco, 20 nov (SANA)<\/strong><\/span> El Ministerio de Defensa de Siria inform\u00f3 hoy por medio de un comunicado, que alrededor de las 13:30 de la tarde de este mi\u00e9rcoles, el enemigo israel\u00ed perpetr\u00f3 una agresi\u00f3n a\u00e9rea desde la zona de Al-Tanef, ocupada por fuerzas de Estados Unidos en el este de Siria.<\/p>\n<p style=\"text-align: justify\">Aclar\u00f3 que el ataque apunt\u00f3 contra varios edificios en la ciudad de Palmira, en el desierto sirio, lo que provoc\u00f3 la muerte de 36 personas y heridas a m\u00e1s de 50.<\/p>\n<p style=\"text-align: justify\">Los bombardeos provocaron tambi\u00e9n grandes da\u00f1os materiales en los edificios atacados y sus alrededores.<\/p>\n<p>&nbsp;<\/p>\n<p>fm\/la<\/p>\n<h5><\/h5>\n<p>&nbsp;<\/p>\n<p>&nbsp;<\/p>\n","protected":false},"excerpt":{"rendered":"<p>Los cazas israel\u00edes llevaron a cabo su ataque desde la zona de Al-Tanef en el este de Siria, ocupada por fuerzas de Estados Unidos. Damasco, 20 nov (SANA) El Ministerio de Defensa de Siria inform\u00f3 hoy por medio de un comunicado, que alrededor de las 13:30 de la tarde de este mi\u00e9rcoles, el enemigo israel\u00ed &hellip;<\/p>\n","protected":false},"author":24,"featured_media":343254,"comment_status":"closed","ping_status":"closed","sticky":false,"template":"","format":"standard","meta":{"footnotes":""},"categories":[447,597,20724,476,448,583],"tags":[],"class_list":["post-343253","post","type-post","status-publish","format-standard","has-post-thumbnail","","category-local-politica","category-cinta-de-noticias","category-minuto-a-minuto","category-locales","category-noticias","category-slide"],"_links":{"self":[{"href":"https:\/\/archive.sana.sy\/es\/index.php?rest_route=\/wp\/v2\/posts\/343253"}],"collection":[{"href":"https:\/\/archive.sana.sy\/es\/index.php?rest_route=\/wp\/v2\/posts"}],"about":[{"href":"https:\/\/archive.sana.sy\/es\/index.php?rest_route=\/wp\/v2\/types\/post"}],"author":[{"embeddable":true,"href":"https:\/\/archive.sana.sy\/es\/index.php?rest_route=\/wp\/v2\/users\/24"}],"replies":[{"embeddable":true,"href":"https:\/\/archive.sana.sy\/es\/index.php?rest_route=%2Fwp%2Fv2%2Fcomments&post=343253"}],"version-history":[{"count":2,"href":"https:\/\/archive.sana.sy\/es\/index.php?rest_route=\/wp\/v2\/posts\/343253\/revisions"}],"predecessor-version":[{"id":343263,"href":"https:\/\/archive.sana.sy\/es\/index.php?rest_route=\/wp\/v2\/posts\/343253\/revisions\/343263"}],"wp:featuredmedia":[{"embeddable":true,"href":"https:\/\/archive.sana.sy\/es\/index.php?rest_route=\/wp\/v2\/media\/343254"}],"wp:attachment":[{"href":"https:\/\/archive.sana.sy\/es\/index.php?rest_route=%2Fwp%2Fv2%2Fmedia&parent=343253"}],"wp:term":[{"taxonomy":"category","embeddable":true,"href":"https:\/\/archive.sana.sy\/es\/index.php?rest_route=%2Fwp%2Fv2%2Fcategories&post=343253"},{"taxonomy":"post_tag","embeddable":true,"href":"https:\/\/archive.sana.sy\/es\/index.php?rest_route=%2Fwp%2Fv2%2Ftags&post=343253"}],"curies":[{"name":"wp","href":"https:\/\/api.w.org\/{rel}","templated":true}]}}