{"id":343260,"date":"2024-11-20T18:00:36","date_gmt":"2024-11-20T15:00:36","guid":{"rendered":"https:\/\/sana.sy\/es\/?p=343260"},"modified":"2024-11-20T19:30:31","modified_gmt":"2024-11-20T16:30:31","slug":"ataques-israelies-contra-localidades-surenas-del-libano-causan-la-muerte-de-un-soldado-y-al-menos-10-civiles","status":"publish","type":"post","link":"https:\/\/archive.sana.sy\/es\/?p=343260","title":{"rendered":"Ataques israel\u00edes contra localidades sure\u00f1as del L\u00edbano causan la muerte de un soldado y al menos 10 civiles"},"content":{"rendered":"<p style=\"text-align: justify\"><span style=\"color: #800000\"><strong>Beirut, 20 nov (SANA)<\/strong> <\/span>Un soldado del ej\u00e9rcito liban\u00e9s y 10 civiles perdieron la vida en ataques a\u00e9reos israel\u00edes en varias zonas del L\u00edbano durante las \u00faltimas horas.<\/p>\n<p style=\"text-align: justify\">La Agencia Nacional de Noticias Libanesa cit\u00f3 al ej\u00e9rcito liban\u00e9s diciendo en un comunicado que: \u201cUn dron del enemigo israel\u00ed atac\u00f3 un veh\u00edculo del ej\u00e9rcito en la carretera Burj al-Muluk en Qalaia, en el sur, lo que caus\u00f3 la muerte de un militar y heridas moderadas a otros.&#8221;<\/p>\n<p style=\"text-align: justify\">De igual manera, un ataque de la aviaci\u00f3n israel\u00ed a una casa en la ciudad de Battle dej\u00f3 dos m\u00e1rtires, mientras que otro ataque contra una vivienda en la ciudad de Zefta se cobr\u00f3 la vida de tres personas.<\/p>\n<p style=\"text-align: justify\">Asimismo, cinco personas murieron como en bombardeos de la aviaci\u00f3n israel\u00ed contra las ciudades de Battle y Qalila.<\/p>\n<p style=\"text-align: justify\">M\u00e1s temprano, los cazas israel\u00edes llevaron a cabo una serie de incursiones a\u00e9reos, acompa\u00f1ados de intensos bombardeos con proyectiles de f\u00f3sforo y artiller\u00eda, contra Naqoura, Deir Qanun, Ras al-Ain, al-Jebain, al-Mansouri, Qana, Aytit, Zibqin, Wadi Hamul. , Ain Baal, y el este de la localidad de Burj al-Muluk y Kafar Shuba.<\/p>\n<p style=\"text-align: justify\">la<\/p>\n","protected":false},"excerpt":{"rendered":"<p>Beirut, 20 nov (SANA) Un soldado del ej\u00e9rcito liban\u00e9s y 10 civiles perdieron la vida en ataques a\u00e9reos israel\u00edes en varias zonas del L\u00edbano durante las \u00faltimas horas. La Agencia Nacional de Noticias Libanesa cit\u00f3 al ej\u00e9rcito liban\u00e9s diciendo en un comunicado que: \u201cUn dron del enemigo israel\u00ed atac\u00f3 un veh\u00edculo del ej\u00e9rcito en la &hellip;<\/p>\n","protected":false},"author":24,"featured_media":343261,"comment_status":"closed","ping_status":"closed","sticky":false,"template":"","format":"standard","meta":{"footnotes":""},"categories":[597,456,20724,7541],"tags":[],"class_list":["post-343260","post","type-post","status-publish","format-standard","has-post-thumbnail","","category-cinta-de-noticias","category-arabe-internacional-politica","category-minuto-a-minuto","category-ultimas-noticias"],"_links":{"self":[{"href":"https:\/\/archive.sana.sy\/es\/index.php?rest_route=\/wp\/v2\/posts\/343260"}],"collection":[{"href":"https:\/\/archive.sana.sy\/es\/index.php?rest_route=\/wp\/v2\/posts"}],"about":[{"href":"https:\/\/archive.sana.sy\/es\/index.php?rest_route=\/wp\/v2\/types\/post"}],"author":[{"embeddable":true,"href":"https:\/\/archive.sana.sy\/es\/index.php?rest_route=\/wp\/v2\/users\/24"}],"replies":[{"embeddable":true,"href":"https:\/\/archive.sana.sy\/es\/index.php?rest_route=%2Fwp%2Fv2%2Fcomments&post=343260"}],"version-history":[{"count":1,"href":"https:\/\/archive.sana.sy\/es\/index.php?rest_route=\/wp\/v2\/posts\/343260\/revisions"}],"predecessor-version":[{"id":343262,"href":"https:\/\/archive.sana.sy\/es\/index.php?rest_route=\/wp\/v2\/posts\/343260\/revisions\/343262"}],"wp:featuredmedia":[{"embeddable":true,"href":"https:\/\/archive.sana.sy\/es\/index.php?rest_route=\/wp\/v2\/media\/343261"}],"wp:attachment":[{"href":"https:\/\/archive.sana.sy\/es\/index.php?rest_route=%2Fwp%2Fv2%2Fmedia&parent=343260"}],"wp:term":[{"taxonomy":"category","embeddable":true,"href":"https:\/\/archive.sana.sy\/es\/index.php?rest_route=%2Fwp%2Fv2%2Fcategories&post=343260"},{"taxonomy":"post_tag","embeddable":true,"href":"https:\/\/archive.sana.sy\/es\/index.php?rest_route=%2Fwp%2Fv2%2Ftags&post=343260"}],"curies":[{"name":"wp","href":"https:\/\/api.w.org\/{rel}","templated":true}]}}