{"id":343264,"date":"2024-11-20T20:08:53","date_gmt":"2024-11-20T17:08:53","guid":{"rendered":"https:\/\/sana.sy\/es\/?p=343264"},"modified":"2024-11-21T12:03:09","modified_gmt":"2024-11-21T09:03:09","slug":"canciller-sirio-destaca-desde-teheran-importancia-de-blindar-cooperacion-sirio-irani-para-enfrentar-la-escalda-israeli-contra-paises-de-la-region","status":"publish","type":"post","link":"https:\/\/archive.sana.sy\/es\/?p=343264","title":{"rendered":"Canciller sirio destaca desde Teher\u00e1n importancia de blindar cooperaci\u00f3n sirio-iran\u00ed para enfrentar la escalda israel\u00ed"},"content":{"rendered":"<p style=\"text-align: justify;\"><span style=\"color: #800000;\"><strong>Teher\u00e1n , 20 nov (SANA)<\/strong><\/span> El Ministro de Asuntos Exteriores y Expatriados, Bassam Sabbagh, se reuni\u00f3 esta tarde en Teher\u00e1n con Ali Akbar Ahmadian, Secretario del Consejo Supremo de Seguridad Nacional iran\u00ed. Ambas partes abordaron la cooperaci\u00f3n bilateral y consultas sobre temas regionales e internacionales de inter\u00e9s com\u00fan.<\/p>\n<p style=\"text-align: justify;\">Este encuentro va en el marco de la visita oficial a Ir\u00e1n que inici\u00f3 el Canciller sirio ayer el martes.<\/p>\n<p style=\"text-align: justify;\">El ministro Sabbagh hizo referencia a las profundas relaciones estrat\u00e9gica entre los dos pa\u00edses, y destac\u00f3 la importancia de fortalecer la cooperaci\u00f3n y coordinaci\u00f3n binacional con el fin de hacer frente a la escalada israel\u00ed contra varios pa\u00edses de la regi\u00f3n, incluida Siria, y los ataques terroristas simult\u00e1neos, adem\u00e1s de todas las maquinaciones urdidas contra los pa\u00edses de Oriente Medio.<\/p>\n<p style=\"text-align: justify;\">A su vez, Ahmadian enfatiz\u00f3 que la entidad israel\u00ed, a pesar de todas las barbaridades que est\u00e1 cometiendo contra los civiles inocentes, no ha logrado avances concretos, e incluso ha sufrido grandes p\u00e9rdidas, s\u00famale su colapso a nivel econ\u00f3mico.<\/p>\n<p style=\"text-align: justify;\">\u201cEl enemigo sionista, pese a la ayuda que recibe de Estados Unidos y Occidente, no ha podido protegerse.\u201d, agreg\u00f3 el alto funcionario presa.<\/p>\n<div id='gallery-1' class='gallery galleryid-343264 gallery-columns-1 gallery-size-medium'><figure class='gallery-item'>\n\t\t\t<div class='gallery-icon landscape'>\n\t\t\t\t<a href='https:\/\/archive.sana.sy\/es\/wp-content\/uploads\/2024\/11\/photo_2024-11-20_13-25-54-scaled.jpg'><img loading=\"lazy\" decoding=\"async\" width=\"300\" height=\"203\" src=\"https:\/\/archive.sana.sy\/es\/wp-content\/uploads\/2024\/11\/photo_2024-11-20_13-25-54-300x203.jpg\" class=\"attachment-medium size-medium\" alt=\"\" srcset=\"https:\/\/archive.sana.sy\/es\/wp-content\/uploads\/2024\/11\/photo_2024-11-20_13-25-54-300x203.jpg 300w, https:\/\/archive.sana.sy\/es\/wp-content\/uploads\/2024\/11\/photo_2024-11-20_13-25-54-1024x691.jpg 1024w, https:\/\/archive.sana.sy\/es\/wp-content\/uploads\/2024\/11\/photo_2024-11-20_13-25-54-150x101.jpg 150w, https:\/\/archive.sana.sy\/es\/wp-content\/uploads\/2024\/11\/photo_2024-11-20_13-25-54-768x519.jpg 768w, https:\/\/archive.sana.sy\/es\/wp-content\/uploads\/2024\/11\/photo_2024-11-20_13-25-54-1536x1037.jpg 1536w, https:\/\/archive.sana.sy\/es\/wp-content\/uploads\/2024\/11\/photo_2024-11-20_13-25-54-2048x1383.jpg 2048w, https:\/\/archive.sana.sy\/es\/wp-content\/uploads\/2024\/11\/photo_2024-11-20_13-25-54-110x75.jpg 110w\" sizes=\"(max-width: 300px) 100vw, 300px\" \/><\/a>\n\t\t\t<\/div><\/figure>\n\t\t<\/div>\n\n<p style=\"text-align: justify;\">En el mismo contexto, el jefe de la diplomacia siria sostuvo un encuentro con el Dr. Ali Akbar Velayati, Asesor del L\u00edder de la Revoluci\u00f3n Isl\u00e1mica para Asuntos Internacionales.<\/p>\n<p style=\"text-align: justify;\">Durante la reuni\u00f3n, las dos partes pasaron revista a las v\u00edas de blindar las crecientes relaciones en todas las \u00e1reas, as\u00ed como los esfuerzos comunes por resolver las crisis existentes en la regi\u00f3n y lograr la seguridad y estabilidad all\u00ed.<\/p>\n<p style=\"text-align: justify;\">\u201cLos planes de los enemigos para atacar a nuestra regi\u00f3n no son algo nuevo, pero est\u00e1n cambiando los m\u00e9todos de ejecuci\u00f3n de esos planes y utilizando diferentes herramientas para lograr sus metas\u201d, marc\u00f3 el Canciller sirio.<\/p>\n<p style=\"text-align: justify;\">Confirm\u00f3 que la resistencia continuar\u00e1 mientras contin\u00faen las agresiones del enemigo.<\/p>\n<p style=\"text-align: justify;\">Por su parte, Velayati destac\u00f3 que Siria e Ir\u00e1n son los dos pilares del eje de resistencia, y que cuanto m\u00e1s se hagan fuertes las relaciones bilaterales, m\u00e1s s\u00f3lida se volver\u00e1 este eje.<\/p>\n<p style=\"text-align: justify;\">la<\/p>\n","protected":false},"excerpt":{"rendered":"<p>Teher\u00e1n , 20 nov (SANA) El Ministro de Asuntos Exteriores y Expatriados, Bassam Sabbagh, se reuni\u00f3 esta tarde en Teher\u00e1n con Ali Akbar Ahmadian, Secretario del Consejo Supremo de Seguridad Nacional iran\u00ed. Ambas partes abordaron la cooperaci\u00f3n bilateral y consultas sobre temas regionales e internacionales de inter\u00e9s com\u00fan. Este encuentro va en el marco de &hellip;<\/p>\n","protected":false},"author":24,"featured_media":343265,"comment_status":"closed","ping_status":"closed","sticky":false,"template":"","format":"standard","meta":{"footnotes":""},"categories":[597,20724,476,467],"tags":[],"class_list":["post-343264","post","type-post","status-publish","format-standard","has-post-thumbnail","","category-cinta-de-noticias","category-minuto-a-minuto","category-locales","category-siria-y-el-mundo"],"_links":{"self":[{"href":"https:\/\/archive.sana.sy\/es\/index.php?rest_route=\/wp\/v2\/posts\/343264"}],"collection":[{"href":"https:\/\/archive.sana.sy\/es\/index.php?rest_route=\/wp\/v2\/posts"}],"about":[{"href":"https:\/\/archive.sana.sy\/es\/index.php?rest_route=\/wp\/v2\/types\/post"}],"author":[{"embeddable":true,"href":"https:\/\/archive.sana.sy\/es\/index.php?rest_route=\/wp\/v2\/users\/24"}],"replies":[{"embeddable":true,"href":"https:\/\/archive.sana.sy\/es\/index.php?rest_route=%2Fwp%2Fv2%2Fcomments&post=343264"}],"version-history":[{"count":9,"href":"https:\/\/archive.sana.sy\/es\/index.php?rest_route=\/wp\/v2\/posts\/343264\/revisions"}],"predecessor-version":[{"id":343310,"href":"https:\/\/archive.sana.sy\/es\/index.php?rest_route=\/wp\/v2\/posts\/343264\/revisions\/343310"}],"wp:featuredmedia":[{"embeddable":true,"href":"https:\/\/archive.sana.sy\/es\/index.php?rest_route=\/wp\/v2\/media\/343265"}],"wp:attachment":[{"href":"https:\/\/archive.sana.sy\/es\/index.php?rest_route=%2Fwp%2Fv2%2Fmedia&parent=343264"}],"wp:term":[{"taxonomy":"category","embeddable":true,"href":"https:\/\/archive.sana.sy\/es\/index.php?rest_route=%2Fwp%2Fv2%2Fcategories&post=343264"},{"taxonomy":"post_tag","embeddable":true,"href":"https:\/\/archive.sana.sy\/es\/index.php?rest_route=%2Fwp%2Fv2%2Ftags&post=343264"}],"curies":[{"name":"wp","href":"https:\/\/api.w.org\/{rel}","templated":true}]}}