{"id":343328,"date":"2024-11-21T13:25:33","date_gmt":"2024-11-21T10:25:33","guid":{"rendered":"https:\/\/sana.sy\/es\/?p=343328"},"modified":"2024-11-21T13:28:47","modified_gmt":"2024-11-21T10:28:47","slug":"800-bajas-mortales-en-las-filas-del-ejercito-israeli-desde-octubre-de-2023","status":"publish","type":"post","link":"https:\/\/archive.sana.sy\/es\/?p=343328","title":{"rendered":"800 bajas mortales en las filas del ej\u00e9rcito israel\u00ed desde octubre de 2023"},"content":{"rendered":"<p style=\"text-align: justify;\"><span style=\"color: #800000;\"><strong>Jerusal\u00e9n ocupada, 21 nov (SANA)<\/strong><\/span>\u00a0 \u00a0El ej\u00e9rcito de ocupaci\u00f3n israel\u00ed perdi\u00f3 800 militares, tanto activos como de reserva, desde el 7 de octubre del pasado a\u00f1o, divulgaron medios de prensa israel\u00edes.<\/p>\n<p style=\"text-align: justify;\">Seg\u00fan el diario Yedioth Ahronoth, 757 de ellos son hombres y 43 mujeres.<\/p>\n<p style=\"text-align: justify;\">El pa\u00eds no hab\u00eda sufrido tal cantidad de bajas militares desde hac\u00eda 51 a\u00f1os en la guerra del Yom Kippur, en 1973, subray\u00f3 el rotativo.<\/p>\n<p style=\"text-align: justify;\">La publicaci\u00f3n destac\u00f3 que en Gaza fueron abatidos 374 soldados y oficiales mientras combat\u00edan a los grupos de la resistencia palestina.<\/p>\n<p style=\"text-align: justify;\">M\u00e1s de 64 murieron en la frontera norte con el L\u00edbano.<\/p>\n<p style=\"text-align: justify;\"><strong><span style=\"color: #800000;\">fm\/ws<\/span><\/strong><\/p>\n","protected":false},"excerpt":{"rendered":"<p>Jerusal\u00e9n ocupada, 21 nov (SANA)\u00a0 \u00a0El ej\u00e9rcito de ocupaci\u00f3n israel\u00ed perdi\u00f3 800 militares, tanto activos como de reserva, desde el 7 de octubre del pasado a\u00f1o, divulgaron medios de prensa israel\u00edes. Seg\u00fan el diario Yedioth Ahronoth, 757 de ellos son hombres y 43 mujeres. El pa\u00eds no hab\u00eda sufrido tal cantidad de bajas militares desde &hellip;<\/p>\n","protected":false},"author":35,"featured_media":343330,"comment_status":"closed","ping_status":"closed","sticky":false,"template":"","format":"standard","meta":{"footnotes":""},"categories":[597,456,16687,20724,7541],"tags":[],"class_list":["post-343328","post","type-post","status-publish","format-standard","has-post-thumbnail","","category-cinta-de-noticias","category-arabe-internacional-politica","category-internacionales","category-minuto-a-minuto","category-ultimas-noticias"],"_links":{"self":[{"href":"https:\/\/archive.sana.sy\/es\/index.php?rest_route=\/wp\/v2\/posts\/343328"}],"collection":[{"href":"https:\/\/archive.sana.sy\/es\/index.php?rest_route=\/wp\/v2\/posts"}],"about":[{"href":"https:\/\/archive.sana.sy\/es\/index.php?rest_route=\/wp\/v2\/types\/post"}],"author":[{"embeddable":true,"href":"https:\/\/archive.sana.sy\/es\/index.php?rest_route=\/wp\/v2\/users\/35"}],"replies":[{"embeddable":true,"href":"https:\/\/archive.sana.sy\/es\/index.php?rest_route=%2Fwp%2Fv2%2Fcomments&post=343328"}],"version-history":[{"count":2,"href":"https:\/\/archive.sana.sy\/es\/index.php?rest_route=\/wp\/v2\/posts\/343328\/revisions"}],"predecessor-version":[{"id":343331,"href":"https:\/\/archive.sana.sy\/es\/index.php?rest_route=\/wp\/v2\/posts\/343328\/revisions\/343331"}],"wp:featuredmedia":[{"embeddable":true,"href":"https:\/\/archive.sana.sy\/es\/index.php?rest_route=\/wp\/v2\/media\/343330"}],"wp:attachment":[{"href":"https:\/\/archive.sana.sy\/es\/index.php?rest_route=%2Fwp%2Fv2%2Fmedia&parent=343328"}],"wp:term":[{"taxonomy":"category","embeddable":true,"href":"https:\/\/archive.sana.sy\/es\/index.php?rest_route=%2Fwp%2Fv2%2Fcategories&post=343328"},{"taxonomy":"post_tag","embeddable":true,"href":"https:\/\/archive.sana.sy\/es\/index.php?rest_route=%2Fwp%2Fv2%2Ftags&post=343328"}],"curies":[{"name":"wp","href":"https:\/\/api.w.org\/{rel}","templated":true}]}}