{"id":343341,"date":"2024-11-21T17:49:57","date_gmt":"2024-11-21T14:49:57","guid":{"rendered":"https:\/\/sana.sy\/es\/?p=343341"},"modified":"2024-11-21T17:49:57","modified_gmt":"2024-11-21T14:49:57","slug":"la-era-de-la-hegemonia-occidental-esta-empezando-a-terminar-confirma-primer-ministro-hungaro","status":"publish","type":"post","link":"https:\/\/archive.sana.sy\/es\/?p=343341","title":{"rendered":"La era de la hegemon\u00eda occidental est\u00e1 empezando a terminar, confirma primer ministro h\u00fangaro"},"content":{"rendered":"<p style=\"text-align: justify;\"><span style=\"color: #800000;\"><strong>Budapest , 21 nov (SANA)<\/strong><\/span> El primer ministro h\u00fangaro, Viktor Orban, confirm\u00f3 que la era de hegemon\u00eda occidental que dur\u00f3 quinientos a\u00f1os ha comenzado a terminar, mientras que el pr\u00f3ximo siglo ser\u00e1 el siglo de Eurasia.<\/p>\n<p style=\"text-align: justify;\">\u201cYa terminaron quinientos a\u00f1os de hegemon\u00eda occidental y liberal en el mundo, y la idea de organizar el mundo entero al modelo occidental a cambio de beneficios econ\u00f3micos y financieros fracas\u00f3\u201d, declar\u00f3 Orban en el Foro de Eurasia celebrado en la capital h\u00fangara, Budapest, seg\u00fan difundi\u00f3 la agencia de noticias Novosti.<\/p>\n<p style=\"text-align: justify;\">Asimismo, se\u00f1al\u00f3 que la estrategia de occidentalizar el mundo entero se derrumb\u00f3 y el centro de la econom\u00eda global se desplaz\u00f3 hacia el Este.<\/p>\n<p style=\"text-align: justify;\">El alto funcionario h\u00fangaro explic\u00f3 que la nueva realidad es que los pa\u00edses asi\u00e1ticos se volvieron m\u00e1s fuertes y demostraron su capacidad de levantarse, existir y mantenerse como centros independientes de poder econ\u00f3mico y pol\u00edtico, y de all\u00ed, el centro de la econom\u00eda global se transport\u00f3 hacia el Este, y las econom\u00edas orientales est\u00e1n creciendo a un ritmo cuatro veces m\u00e1s r\u00e1pido que las occidentales.<\/p>\n<p style=\"text-align: justify;\">ahs\/sm<\/p>\n","protected":false},"excerpt":{"rendered":"<p>Budapest , 21 nov (SANA) El primer ministro h\u00fangaro, Viktor Orban, confirm\u00f3 que la era de hegemon\u00eda occidental que dur\u00f3 quinientos a\u00f1os ha comenzado a terminar, mientras que el pr\u00f3ximo siglo ser\u00e1 el siglo de Eurasia. \u201cYa terminaron quinientos a\u00f1os de hegemon\u00eda occidental y liberal en el mundo, y la idea de organizar el mundo &hellip;<\/p>\n","protected":false},"author":43,"featured_media":343342,"comment_status":"closed","ping_status":"closed","sticky":false,"template":"","format":"standard","meta":{"footnotes":""},"categories":[597,456,16687,20724,7541],"tags":[],"class_list":["post-343341","post","type-post","status-publish","format-standard","has-post-thumbnail","","category-cinta-de-noticias","category-arabe-internacional-politica","category-internacionales","category-minuto-a-minuto","category-ultimas-noticias"],"_links":{"self":[{"href":"https:\/\/archive.sana.sy\/es\/index.php?rest_route=\/wp\/v2\/posts\/343341"}],"collection":[{"href":"https:\/\/archive.sana.sy\/es\/index.php?rest_route=\/wp\/v2\/posts"}],"about":[{"href":"https:\/\/archive.sana.sy\/es\/index.php?rest_route=\/wp\/v2\/types\/post"}],"author":[{"embeddable":true,"href":"https:\/\/archive.sana.sy\/es\/index.php?rest_route=\/wp\/v2\/users\/43"}],"replies":[{"embeddable":true,"href":"https:\/\/archive.sana.sy\/es\/index.php?rest_route=%2Fwp%2Fv2%2Fcomments&post=343341"}],"version-history":[{"count":1,"href":"https:\/\/archive.sana.sy\/es\/index.php?rest_route=\/wp\/v2\/posts\/343341\/revisions"}],"predecessor-version":[{"id":343343,"href":"https:\/\/archive.sana.sy\/es\/index.php?rest_route=\/wp\/v2\/posts\/343341\/revisions\/343343"}],"wp:featuredmedia":[{"embeddable":true,"href":"https:\/\/archive.sana.sy\/es\/index.php?rest_route=\/wp\/v2\/media\/343342"}],"wp:attachment":[{"href":"https:\/\/archive.sana.sy\/es\/index.php?rest_route=%2Fwp%2Fv2%2Fmedia&parent=343341"}],"wp:term":[{"taxonomy":"category","embeddable":true,"href":"https:\/\/archive.sana.sy\/es\/index.php?rest_route=%2Fwp%2Fv2%2Fcategories&post=343341"},{"taxonomy":"post_tag","embeddable":true,"href":"https:\/\/archive.sana.sy\/es\/index.php?rest_route=%2Fwp%2Fv2%2Ftags&post=343341"}],"curies":[{"name":"wp","href":"https:\/\/api.w.org\/{rel}","templated":true}]}}