{"id":343347,"date":"2024-11-21T18:18:29","date_gmt":"2024-11-21T15:18:29","guid":{"rendered":"https:\/\/sana.sy\/es\/?p=343347"},"modified":"2024-11-21T18:18:29","modified_gmt":"2024-11-21T15:18:29","slug":"mueren-38-personas-en-ataque-terrorista-en-el-noroeste-de-pakistan","status":"publish","type":"post","link":"https:\/\/archive.sana.sy\/es\/?p=343347","title":{"rendered":"Mueren 38 personas en ataque terrorista en el noroeste de Pakist\u00e1n"},"content":{"rendered":"<p style=\"text-align: justify;\"><span style=\"color: #800000;\"><strong>Islamabad, 21 nov (SANA)<\/strong><\/span> Las autoridades paquistan\u00edes anunciaron hoy que 38 personas murieron y otras 11 resultaron heridas en un ataque terrorista contra autobuses de pasajeros en la provincia de Khyber Pakhtunkhwa, al noroeste del pa\u00eds.<\/p>\n<p style=\"text-align: justify;\">\u00a0\u201cHombres armados abrieron fuego al azar contra dos autobuses de pasajeros en el distrito de Kurram de la provincia de Khyber Pakhtunkhwa, en la frontera con Afganist\u00e1n, lo que provoc\u00f3 la muerte de 38 personas, entre ellas mujeres, ni\u00f1os y agentes de polic\u00eda, adem\u00e1s de dejar heridas a otras 11\u201d, declar\u00f3 un funcionario local, divulg\u00f3 la agencia france-presse.<\/p>\n<p style=\"text-align: justify;\">En los \u00faltimos meses, la antes mencionada localidad ha sido testigo de incidentes violentos y actos terroristas en los que decenas de personas resultaron muertas y heridas, mientras las autoridades intentan intervenir para perseguir a los autores de estos actos.<\/p>\n<p style=\"text-align: justify;\">ahs\/sm<\/p>\n","protected":false},"excerpt":{"rendered":"<p>Islamabad, 21 nov (SANA) Las autoridades paquistan\u00edes anunciaron hoy que 38 personas murieron y otras 11 resultaron heridas en un ataque terrorista contra autobuses de pasajeros en la provincia de Khyber Pakhtunkhwa, al noroeste del pa\u00eds. \u00a0\u201cHombres armados abrieron fuego al azar contra dos autobuses de pasajeros en el distrito de Kurram de la provincia &hellip;<\/p>\n","protected":false},"author":43,"featured_media":343348,"comment_status":"closed","ping_status":"closed","sticky":false,"template":"","format":"standard","meta":{"footnotes":""},"categories":[597,456,20724,7541],"tags":[],"class_list":["post-343347","post","type-post","status-publish","format-standard","has-post-thumbnail","","category-cinta-de-noticias","category-arabe-internacional-politica","category-minuto-a-minuto","category-ultimas-noticias"],"_links":{"self":[{"href":"https:\/\/archive.sana.sy\/es\/index.php?rest_route=\/wp\/v2\/posts\/343347"}],"collection":[{"href":"https:\/\/archive.sana.sy\/es\/index.php?rest_route=\/wp\/v2\/posts"}],"about":[{"href":"https:\/\/archive.sana.sy\/es\/index.php?rest_route=\/wp\/v2\/types\/post"}],"author":[{"embeddable":true,"href":"https:\/\/archive.sana.sy\/es\/index.php?rest_route=\/wp\/v2\/users\/43"}],"replies":[{"embeddable":true,"href":"https:\/\/archive.sana.sy\/es\/index.php?rest_route=%2Fwp%2Fv2%2Fcomments&post=343347"}],"version-history":[{"count":1,"href":"https:\/\/archive.sana.sy\/es\/index.php?rest_route=\/wp\/v2\/posts\/343347\/revisions"}],"predecessor-version":[{"id":343349,"href":"https:\/\/archive.sana.sy\/es\/index.php?rest_route=\/wp\/v2\/posts\/343347\/revisions\/343349"}],"wp:featuredmedia":[{"embeddable":true,"href":"https:\/\/archive.sana.sy\/es\/index.php?rest_route=\/wp\/v2\/media\/343348"}],"wp:attachment":[{"href":"https:\/\/archive.sana.sy\/es\/index.php?rest_route=%2Fwp%2Fv2%2Fmedia&parent=343347"}],"wp:term":[{"taxonomy":"category","embeddable":true,"href":"https:\/\/archive.sana.sy\/es\/index.php?rest_route=%2Fwp%2Fv2%2Fcategories&post=343347"},{"taxonomy":"post_tag","embeddable":true,"href":"https:\/\/archive.sana.sy\/es\/index.php?rest_route=%2Fwp%2Fv2%2Ftags&post=343347"}],"curies":[{"name":"wp","href":"https:\/\/api.w.org\/{rel}","templated":true}]}}