{"id":343366,"date":"2024-11-21T21:00:22","date_gmt":"2024-11-21T18:00:22","guid":{"rendered":"https:\/\/sana.sy\/es\/?p=343366"},"modified":"2024-11-21T21:00:22","modified_gmt":"2024-11-21T18:00:22","slug":"siria-e-iran-acuerdan-fortalecer-las-relaciones-bilaterales","status":"publish","type":"post","link":"https:\/\/archive.sana.sy\/es\/?p=343366","title":{"rendered":"Siria e Ir\u00e1n acuerdan fortalecer las relaciones bilaterales"},"content":{"rendered":"<p style=\"text-align: justify;\"><span style=\"color: #800000;\"><strong>Teher\u00e1n, 21 nov (SANA)<\/strong><\/span>\u00a0El ministro de Asuntos Exteriores y Expatriados de Siria, Bassam Sabbagh, se reuni\u00f3 hoy en Teher\u00e1n con el presidente del Consejo Isl\u00e1mico Shura de Ir\u00e1n, Muhammad Baqer Qalibaf, y analizaron formas de fortalecer las relaciones bilaterales entre los dos pa\u00edses.<\/p>\n<p style=\"text-align: justify;\">El canciller sirio subray\u00f3 la importancia de fortalecer los v\u00ednculos parlamentarios entre Siria e Ir\u00e1n.<\/p>\n<p style=\"text-align: justify;\">Asimismo, se\u00f1al\u00f3 que la creciente importancia que goza la diplomacia parlamentaria, que hoy se ha convertido en un respaldo de la diplomacia oficial.<\/p>\n<p style=\"text-align: justify;\">Adem\u00e1s, se refiri\u00f3 a las movilizaciones populares que salieron en protesta contra la actual agresi\u00f3n israel\u00ed al pueblo palestino y los pa\u00edses de la regi\u00f3n.<\/p>\n<p style=\"text-align: justify;\">Por su parte, el funcionario iran\u00ed destac\u00f3 que la cooperaci\u00f3n parlamentaria constituye una de las buenas oportunidades para desarrollar\u00a0 los lazos bilaterales entre ambas naciones amigas.<\/p>\n<p>ahs\/sm<\/p>\n","protected":false},"excerpt":{"rendered":"<p>Teher\u00e1n, 21 nov (SANA)\u00a0El ministro de Asuntos Exteriores y Expatriados de Siria, Bassam Sabbagh, se reuni\u00f3 hoy en Teher\u00e1n con el presidente del Consejo Isl\u00e1mico Shura de Ir\u00e1n, Muhammad Baqer Qalibaf, y analizaron formas de fortalecer las relaciones bilaterales entre los dos pa\u00edses. El canciller sirio subray\u00f3 la importancia de fortalecer los v\u00ednculos parlamentarios entre &hellip;<\/p>\n","protected":false},"author":43,"featured_media":343367,"comment_status":"closed","ping_status":"closed","sticky":false,"template":"","format":"standard","meta":{"footnotes":""},"categories":[597,20724,476,467,7541],"tags":[],"class_list":["post-343366","post","type-post","status-publish","format-standard","has-post-thumbnail","","category-cinta-de-noticias","category-minuto-a-minuto","category-locales","category-siria-y-el-mundo","category-ultimas-noticias"],"_links":{"self":[{"href":"https:\/\/archive.sana.sy\/es\/index.php?rest_route=\/wp\/v2\/posts\/343366"}],"collection":[{"href":"https:\/\/archive.sana.sy\/es\/index.php?rest_route=\/wp\/v2\/posts"}],"about":[{"href":"https:\/\/archive.sana.sy\/es\/index.php?rest_route=\/wp\/v2\/types\/post"}],"author":[{"embeddable":true,"href":"https:\/\/archive.sana.sy\/es\/index.php?rest_route=\/wp\/v2\/users\/43"}],"replies":[{"embeddable":true,"href":"https:\/\/archive.sana.sy\/es\/index.php?rest_route=%2Fwp%2Fv2%2Fcomments&post=343366"}],"version-history":[{"count":1,"href":"https:\/\/archive.sana.sy\/es\/index.php?rest_route=\/wp\/v2\/posts\/343366\/revisions"}],"predecessor-version":[{"id":343368,"href":"https:\/\/archive.sana.sy\/es\/index.php?rest_route=\/wp\/v2\/posts\/343366\/revisions\/343368"}],"wp:featuredmedia":[{"embeddable":true,"href":"https:\/\/archive.sana.sy\/es\/index.php?rest_route=\/wp\/v2\/media\/343367"}],"wp:attachment":[{"href":"https:\/\/archive.sana.sy\/es\/index.php?rest_route=%2Fwp%2Fv2%2Fmedia&parent=343366"}],"wp:term":[{"taxonomy":"category","embeddable":true,"href":"https:\/\/archive.sana.sy\/es\/index.php?rest_route=%2Fwp%2Fv2%2Fcategories&post=343366"},{"taxonomy":"post_tag","embeddable":true,"href":"https:\/\/archive.sana.sy\/es\/index.php?rest_route=%2Fwp%2Fv2%2Ftags&post=343366"}],"curies":[{"name":"wp","href":"https:\/\/api.w.org\/{rel}","templated":true}]}}