{"id":343380,"date":"2024-11-22T14:25:54","date_gmt":"2024-11-22T11:25:54","guid":{"rendered":"https:\/\/sana.sy\/es\/?p=343380"},"modified":"2024-11-22T14:25:54","modified_gmt":"2024-11-22T11:25:54","slug":"misil-oreshnik-muestra-capacidad-de-respuesta-rusa-a-occidente-afirma-peskov","status":"publish","type":"post","link":"https:\/\/archive.sana.sy\/es\/?p=343380","title":{"rendered":"Misil Oreshnik muestra capacidad de respuesta rusa a Occidente, afirma Peskov"},"content":{"rendered":"<p style=\"text-align: justify;\"><span style=\"color: #800000;\"><strong>Mosc\u00fa, 22 nov (SANA)<\/strong><\/span> El portavoz del Kremlin, Dmitri Peskov, afirm\u00f3 hoy que Rusia mostr\u00f3 su capacidad de respuesta frente a Occidente con la reciente prueba del nuevo misil Oreshnik.<\/p>\n<p style=\"text-align: justify;\">El vocero de la Presidencia rusa agreg\u00f3 que &#8220;tambi\u00e9n se han esbozado de forma inequ\u00edvoca, en la alocuci\u00f3n televisada del jueves del mandatario, Vladimir Putin, las respuestas siguientes, a menos que se tomen en cuenta nuestras preocupaciones&#8221;.<\/p>\n<p style=\"text-align: justify;\">La v\u00edspera, Putin, confirm\u00f3 que Ucrania hab\u00eda atacado los d\u00edas 19 y 21 de noviembre instalaciones en las provincias rusas de Kursk y Briansk, utilizando misiles estadounidenses Atacms y los brit\u00e1nicos Storm Shadow, ambos de largo alcance.<\/p>\n<p style=\"text-align: justify;\">En respuesta al uso de armas occidentales, el 21 de noviembre Rusia lanz\u00f3 un ataque combinado contra una empresa del sector militar-industrial de Ucrania, probando un nuevo misil bal\u00edstico de alcance intermedio, Oreshnik, en configuraci\u00f3n hipers\u00f3nica sin armas nucleares.<\/p>\n<p style=\"text-align: justify;\">fm\/sm<\/p>\n","protected":false},"excerpt":{"rendered":"<p>Mosc\u00fa, 22 nov (SANA) El portavoz del Kremlin, Dmitri Peskov, afirm\u00f3 hoy que Rusia mostr\u00f3 su capacidad de respuesta frente a Occidente con la reciente prueba del nuevo misil Oreshnik. El vocero de la Presidencia rusa agreg\u00f3 que &#8220;tambi\u00e9n se han esbozado de forma inequ\u00edvoca, en la alocuci\u00f3n televisada del jueves del mandatario, Vladimir Putin, &hellip;<\/p>\n","protected":false},"author":39,"featured_media":343381,"comment_status":"closed","ping_status":"closed","sticky":false,"template":"","format":"standard","meta":{"footnotes":""},"categories":[597,456,16687,20724,7541],"tags":[],"class_list":["post-343380","post","type-post","status-publish","format-standard","has-post-thumbnail","","category-cinta-de-noticias","category-arabe-internacional-politica","category-internacionales","category-minuto-a-minuto","category-ultimas-noticias"],"_links":{"self":[{"href":"https:\/\/archive.sana.sy\/es\/index.php?rest_route=\/wp\/v2\/posts\/343380"}],"collection":[{"href":"https:\/\/archive.sana.sy\/es\/index.php?rest_route=\/wp\/v2\/posts"}],"about":[{"href":"https:\/\/archive.sana.sy\/es\/index.php?rest_route=\/wp\/v2\/types\/post"}],"author":[{"embeddable":true,"href":"https:\/\/archive.sana.sy\/es\/index.php?rest_route=\/wp\/v2\/users\/39"}],"replies":[{"embeddable":true,"href":"https:\/\/archive.sana.sy\/es\/index.php?rest_route=%2Fwp%2Fv2%2Fcomments&post=343380"}],"version-history":[{"count":1,"href":"https:\/\/archive.sana.sy\/es\/index.php?rest_route=\/wp\/v2\/posts\/343380\/revisions"}],"predecessor-version":[{"id":343382,"href":"https:\/\/archive.sana.sy\/es\/index.php?rest_route=\/wp\/v2\/posts\/343380\/revisions\/343382"}],"wp:featuredmedia":[{"embeddable":true,"href":"https:\/\/archive.sana.sy\/es\/index.php?rest_route=\/wp\/v2\/media\/343381"}],"wp:attachment":[{"href":"https:\/\/archive.sana.sy\/es\/index.php?rest_route=%2Fwp%2Fv2%2Fmedia&parent=343380"}],"wp:term":[{"taxonomy":"category","embeddable":true,"href":"https:\/\/archive.sana.sy\/es\/index.php?rest_route=%2Fwp%2Fv2%2Fcategories&post=343380"},{"taxonomy":"post_tag","embeddable":true,"href":"https:\/\/archive.sana.sy\/es\/index.php?rest_route=%2Fwp%2Fv2%2Ftags&post=343380"}],"curies":[{"name":"wp","href":"https:\/\/api.w.org\/{rel}","templated":true}]}}