{"id":343383,"date":"2024-11-22T14:34:12","date_gmt":"2024-11-22T11:34:12","guid":{"rendered":"https:\/\/sana.sy\/es\/?p=343383"},"modified":"2024-11-22T14:34:12","modified_gmt":"2024-11-22T11:34:12","slug":"las-mejores-unidades-del-ejercito-ucraniano-fueron-hechas-polvo-afirma-ministro-de-defensa-ruso","status":"publish","type":"post","link":"https:\/\/archive.sana.sy\/es\/?p=343383","title":{"rendered":"Las mejores unidades del Ej\u00e9rcito ucraniano fueron hechas polvo, afirma Ministro de Defensa ruso"},"content":{"rendered":"<p style=\"text-align: justify;\"><span style=\"color: #800000;\"><strong>Mosc\u00fa, 22 nov (SANA)\u00a0<\/strong> <\/span>El ministro de Defensa de la Federaci\u00f3n De Rusia, Andr\u00e9i Belo\u00fasov, afirm\u00f3 hoy que las tropas del grupo Norte destrozaron las unidades de \u00e9lite del Ej\u00e9rcito ucraniano y frustraron sus planes para 2025.<\/p>\n<p style=\"text-align: justify;\">El titular, quien visit\u00f3 el puesto de mando del grupo Norte, elogi\u00f3 a los militares que combaten en la zona, y se\u00f1al\u00f3 que &#8220;han machacado a las mejores unidades del enemigo, acelerado el avance y frustrado, de hecho, toda la campa\u00f1a de 2025 de Ucrania&#8221;, destac\u00f3 la agencia de noticias TASS.<\/p>\n<p style=\"text-align: justify;\">El comandante del grupo Norte, coronel general Alexandr Lapin, present\u00f3 a Belo\u00fasov un reporte de situaci\u00f3n actual, explic\u00f3 el car\u00e1cter de operaciones enemigas, peculiaridades del uso de aviaci\u00f3n, artiller\u00eda y drones, as\u00ed como cuestiones log\u00edsticas.<\/p>\n<p style=\"text-align: justify;\">Adem\u00e1s, los militares ense\u00f1aron al ministro de Defensa algunos equipos de fabricaci\u00f3n occidental utilizados por Ucrania en el conflicto, entre ellos veh\u00edculos a\u00e9reos no tripulados, dispositivos de comunicaciones y armas de infanter\u00eda.<\/p>\n<p style=\"text-align: justify;\">fm\/sm<\/p>\n","protected":false},"excerpt":{"rendered":"<p>Mosc\u00fa, 22 nov (SANA)\u00a0 El ministro de Defensa de la Federaci\u00f3n De Rusia, Andr\u00e9i Belo\u00fasov, afirm\u00f3 hoy que las tropas del grupo Norte destrozaron las unidades de \u00e9lite del Ej\u00e9rcito ucraniano y frustraron sus planes para 2025. El titular, quien visit\u00f3 el puesto de mando del grupo Norte, elogi\u00f3 a los militares que combaten en &hellip;<\/p>\n","protected":false},"author":39,"featured_media":343384,"comment_status":"closed","ping_status":"closed","sticky":false,"template":"","format":"standard","meta":{"footnotes":""},"categories":[597,456,16687,20724,7541],"tags":[],"class_list":["post-343383","post","type-post","status-publish","format-standard","has-post-thumbnail","","category-cinta-de-noticias","category-arabe-internacional-politica","category-internacionales","category-minuto-a-minuto","category-ultimas-noticias"],"_links":{"self":[{"href":"https:\/\/archive.sana.sy\/es\/index.php?rest_route=\/wp\/v2\/posts\/343383"}],"collection":[{"href":"https:\/\/archive.sana.sy\/es\/index.php?rest_route=\/wp\/v2\/posts"}],"about":[{"href":"https:\/\/archive.sana.sy\/es\/index.php?rest_route=\/wp\/v2\/types\/post"}],"author":[{"embeddable":true,"href":"https:\/\/archive.sana.sy\/es\/index.php?rest_route=\/wp\/v2\/users\/39"}],"replies":[{"embeddable":true,"href":"https:\/\/archive.sana.sy\/es\/index.php?rest_route=%2Fwp%2Fv2%2Fcomments&post=343383"}],"version-history":[{"count":1,"href":"https:\/\/archive.sana.sy\/es\/index.php?rest_route=\/wp\/v2\/posts\/343383\/revisions"}],"predecessor-version":[{"id":343385,"href":"https:\/\/archive.sana.sy\/es\/index.php?rest_route=\/wp\/v2\/posts\/343383\/revisions\/343385"}],"wp:featuredmedia":[{"embeddable":true,"href":"https:\/\/archive.sana.sy\/es\/index.php?rest_route=\/wp\/v2\/media\/343384"}],"wp:attachment":[{"href":"https:\/\/archive.sana.sy\/es\/index.php?rest_route=%2Fwp%2Fv2%2Fmedia&parent=343383"}],"wp:term":[{"taxonomy":"category","embeddable":true,"href":"https:\/\/archive.sana.sy\/es\/index.php?rest_route=%2Fwp%2Fv2%2Fcategories&post=343383"},{"taxonomy":"post_tag","embeddable":true,"href":"https:\/\/archive.sana.sy\/es\/index.php?rest_route=%2Fwp%2Fv2%2Ftags&post=343383"}],"curies":[{"name":"wp","href":"https:\/\/api.w.org\/{rel}","templated":true}]}}