{"id":343392,"date":"2024-11-22T16:28:03","date_gmt":"2024-11-22T13:28:03","guid":{"rendered":"https:\/\/sana.sy\/es\/?p=343392"},"modified":"2024-11-22T16:28:03","modified_gmt":"2024-11-22T13:28:03","slug":"reclusos-sirios-presentan-sus-creaciones-artesanales-fotos","status":"publish","type":"post","link":"https:\/\/archive.sana.sy\/es\/?p=343392","title":{"rendered":"Reclusos sirios presentan sus creaciones artesanales (+ fotos)"},"content":{"rendered":"<p style=\"text-align: justify;\"><strong><span style=\"color: #800000;\">Homs, 22 nov (SANA)\u00a0<\/span><\/strong> Los detenidos en la Prisi\u00f3n Central en la provincia siria de Homs exhibieron sus productos manuales y artesanales en una exposici\u00f3n organizada en cooperaci\u00f3n con el Departamento de Cultura provincial y la Asociaci\u00f3n de Atenci\u00f3n a Reclusos.<\/p>\n<p style=\"text-align: justify;\">La muestra incluy\u00f3 manualidades y productos de arabescos, pedrer\u00eda, lanas, dibujos y costura, adem\u00e1s de materiales de mobiliaria producidos por los prisioneros en los dos talleres abiertos de reciclaje y carpinter\u00eda.<\/p>\n<p style=\"text-align: justify;\">Siria comenz\u00f3 desde 2014 a implementar un proyecto encaminado a fomentar la cultura en sus c\u00e1rceles mediante centros y cursos de formaci\u00f3n profesional, artesanal y art\u00edstica, en una experiencia considerada la primera de su tipo en la historia de esta naci\u00f3n \u00e1rabe, seg\u00fan afirman las autoridades.<\/p>\n<div id='gallery-1' class='gallery galleryid-343392 gallery-columns-1 gallery-size-full'><figure class='gallery-item'>\n\t\t\t<div class='gallery-icon landscape'>\n\t\t\t\t<a href='https:\/\/archive.sana.sy\/es\/?attachment_id=343394'><img loading=\"lazy\" decoding=\"async\" width=\"1280\" height=\"852\" src=\"https:\/\/archive.sana.sy\/es\/wp-content\/uploads\/2024\/11\/Reclusos-sirios-presentan-sus-creaciones-artesanales001.jpeg\" class=\"attachment-full size-full\" alt=\"\" srcset=\"https:\/\/archive.sana.sy\/es\/wp-content\/uploads\/2024\/11\/Reclusos-sirios-presentan-sus-creaciones-artesanales001.jpeg 1280w, https:\/\/archive.sana.sy\/es\/wp-content\/uploads\/2024\/11\/Reclusos-sirios-presentan-sus-creaciones-artesanales001-300x200.jpeg 300w, https:\/\/archive.sana.sy\/es\/wp-content\/uploads\/2024\/11\/Reclusos-sirios-presentan-sus-creaciones-artesanales001-1024x682.jpeg 1024w, https:\/\/archive.sana.sy\/es\/wp-content\/uploads\/2024\/11\/Reclusos-sirios-presentan-sus-creaciones-artesanales001-150x100.jpeg 150w, https:\/\/archive.sana.sy\/es\/wp-content\/uploads\/2024\/11\/Reclusos-sirios-presentan-sus-creaciones-artesanales001-768x511.jpeg 768w, https:\/\/archive.sana.sy\/es\/wp-content\/uploads\/2024\/11\/Reclusos-sirios-presentan-sus-creaciones-artesanales001-310x205.jpeg 310w\" sizes=\"(max-width: 1280px) 100vw, 1280px\" \/><\/a>\n\t\t\t<\/div><\/figure><figure class='gallery-item'>\n\t\t\t<div class='gallery-icon landscape'>\n\t\t\t\t<a href='https:\/\/archive.sana.sy\/es\/?attachment_id=343395'><img loading=\"lazy\" decoding=\"async\" width=\"1280\" height=\"852\" src=\"https:\/\/archive.sana.sy\/es\/wp-content\/uploads\/2024\/11\/Reclusos-sirios-presentan-sus-creaciones-artesanales11.jpeg\" class=\"attachment-full size-full\" alt=\"\" srcset=\"https:\/\/archive.sana.sy\/es\/wp-content\/uploads\/2024\/11\/Reclusos-sirios-presentan-sus-creaciones-artesanales11.jpeg 1280w, https:\/\/archive.sana.sy\/es\/wp-content\/uploads\/2024\/11\/Reclusos-sirios-presentan-sus-creaciones-artesanales11-300x200.jpeg 300w, https:\/\/archive.sana.sy\/es\/wp-content\/uploads\/2024\/11\/Reclusos-sirios-presentan-sus-creaciones-artesanales11-1024x682.jpeg 1024w, https:\/\/archive.sana.sy\/es\/wp-content\/uploads\/2024\/11\/Reclusos-sirios-presentan-sus-creaciones-artesanales11-150x100.jpeg 150w, https:\/\/archive.sana.sy\/es\/wp-content\/uploads\/2024\/11\/Reclusos-sirios-presentan-sus-creaciones-artesanales11-768x511.jpeg 768w, https:\/\/archive.sana.sy\/es\/wp-content\/uploads\/2024\/11\/Reclusos-sirios-presentan-sus-creaciones-artesanales11-310x205.jpeg 310w\" sizes=\"(max-width: 1280px) 100vw, 1280px\" \/><\/a>\n\t\t\t<\/div><\/figure><figure class='gallery-item'>\n\t\t\t<div class='gallery-icon landscape'>\n\t\t\t\t<a href='https:\/\/archive.sana.sy\/es\/?attachment_id=343396'><img loading=\"lazy\" decoding=\"async\" width=\"1280\" height=\"852\" src=\"https:\/\/archive.sana.sy\/es\/wp-content\/uploads\/2024\/11\/Reclusos-sirios-presentan-sus-creaciones-artesanales01.jpeg\" class=\"attachment-full size-full\" alt=\"\" srcset=\"https:\/\/archive.sana.sy\/es\/wp-content\/uploads\/2024\/11\/Reclusos-sirios-presentan-sus-creaciones-artesanales01.jpeg 1280w, https:\/\/archive.sana.sy\/es\/wp-content\/uploads\/2024\/11\/Reclusos-sirios-presentan-sus-creaciones-artesanales01-300x200.jpeg 300w, https:\/\/archive.sana.sy\/es\/wp-content\/uploads\/2024\/11\/Reclusos-sirios-presentan-sus-creaciones-artesanales01-1024x682.jpeg 1024w, https:\/\/archive.sana.sy\/es\/wp-content\/uploads\/2024\/11\/Reclusos-sirios-presentan-sus-creaciones-artesanales01-150x100.jpeg 150w, https:\/\/archive.sana.sy\/es\/wp-content\/uploads\/2024\/11\/Reclusos-sirios-presentan-sus-creaciones-artesanales01-768x511.jpeg 768w, https:\/\/archive.sana.sy\/es\/wp-content\/uploads\/2024\/11\/Reclusos-sirios-presentan-sus-creaciones-artesanales01-310x205.jpeg 310w\" sizes=\"(max-width: 1280px) 100vw, 1280px\" \/><\/a>\n\t\t\t<\/div><\/figure><figure class='gallery-item'>\n\t\t\t<div class='gallery-icon landscape'>\n\t\t\t\t<a href='https:\/\/archive.sana.sy\/es\/?attachment_id=343397'><img loading=\"lazy\" decoding=\"async\" width=\"1280\" height=\"852\" src=\"https:\/\/archive.sana.sy\/es\/wp-content\/uploads\/2024\/11\/Reclusos-sirios-presentan-sus-creaciones-artesanales000.jpeg\" class=\"attachment-full size-full\" alt=\"\" srcset=\"https:\/\/archive.sana.sy\/es\/wp-content\/uploads\/2024\/11\/Reclusos-sirios-presentan-sus-creaciones-artesanales000.jpeg 1280w, https:\/\/archive.sana.sy\/es\/wp-content\/uploads\/2024\/11\/Reclusos-sirios-presentan-sus-creaciones-artesanales000-300x200.jpeg 300w, https:\/\/archive.sana.sy\/es\/wp-content\/uploads\/2024\/11\/Reclusos-sirios-presentan-sus-creaciones-artesanales000-1024x682.jpeg 1024w, https:\/\/archive.sana.sy\/es\/wp-content\/uploads\/2024\/11\/Reclusos-sirios-presentan-sus-creaciones-artesanales000-150x100.jpeg 150w, https:\/\/archive.sana.sy\/es\/wp-content\/uploads\/2024\/11\/Reclusos-sirios-presentan-sus-creaciones-artesanales000-768x511.jpeg 768w, https:\/\/archive.sana.sy\/es\/wp-content\/uploads\/2024\/11\/Reclusos-sirios-presentan-sus-creaciones-artesanales000-310x205.jpeg 310w\" sizes=\"(max-width: 1280px) 100vw, 1280px\" \/><\/a>\n\t\t\t<\/div><\/figure><figure class='gallery-item'>\n\t\t\t<div class='gallery-icon landscape'>\n\t\t\t\t<a href='https:\/\/archive.sana.sy\/es\/?attachment_id=343398'><img loading=\"lazy\" decoding=\"async\" width=\"1280\" height=\"852\" src=\"https:\/\/archive.sana.sy\/es\/wp-content\/uploads\/2024\/11\/Reclusos-sirios-presentan-sus-creaciones-artesanales00.jpeg\" class=\"attachment-full size-full\" alt=\"\" srcset=\"https:\/\/archive.sana.sy\/es\/wp-content\/uploads\/2024\/11\/Reclusos-sirios-presentan-sus-creaciones-artesanales00.jpeg 1280w, https:\/\/archive.sana.sy\/es\/wp-content\/uploads\/2024\/11\/Reclusos-sirios-presentan-sus-creaciones-artesanales00-300x200.jpeg 300w, https:\/\/archive.sana.sy\/es\/wp-content\/uploads\/2024\/11\/Reclusos-sirios-presentan-sus-creaciones-artesanales00-1024x682.jpeg 1024w, https:\/\/archive.sana.sy\/es\/wp-content\/uploads\/2024\/11\/Reclusos-sirios-presentan-sus-creaciones-artesanales00-150x100.jpeg 150w, https:\/\/archive.sana.sy\/es\/wp-content\/uploads\/2024\/11\/Reclusos-sirios-presentan-sus-creaciones-artesanales00-768x511.jpeg 768w, https:\/\/archive.sana.sy\/es\/wp-content\/uploads\/2024\/11\/Reclusos-sirios-presentan-sus-creaciones-artesanales00-310x205.jpeg 310w\" sizes=\"(max-width: 1280px) 100vw, 1280px\" \/><\/a>\n\t\t\t<\/div><\/figure><figure class='gallery-item'>\n\t\t\t<div class='gallery-icon landscape'>\n\t\t\t\t<a href='https:\/\/archive.sana.sy\/es\/?attachment_id=343399'><img loading=\"lazy\" decoding=\"async\" width=\"1280\" height=\"852\" src=\"https:\/\/archive.sana.sy\/es\/wp-content\/uploads\/2024\/11\/Reclusos-sirios-presentan-sus-creaciones-artesanales0.jpeg\" class=\"attachment-full size-full\" alt=\"\" srcset=\"https:\/\/archive.sana.sy\/es\/wp-content\/uploads\/2024\/11\/Reclusos-sirios-presentan-sus-creaciones-artesanales0.jpeg 1280w, https:\/\/archive.sana.sy\/es\/wp-content\/uploads\/2024\/11\/Reclusos-sirios-presentan-sus-creaciones-artesanales0-300x200.jpeg 300w, https:\/\/archive.sana.sy\/es\/wp-content\/uploads\/2024\/11\/Reclusos-sirios-presentan-sus-creaciones-artesanales0-1024x682.jpeg 1024w, https:\/\/archive.sana.sy\/es\/wp-content\/uploads\/2024\/11\/Reclusos-sirios-presentan-sus-creaciones-artesanales0-150x100.jpeg 150w, https:\/\/archive.sana.sy\/es\/wp-content\/uploads\/2024\/11\/Reclusos-sirios-presentan-sus-creaciones-artesanales0-768x511.jpeg 768w, https:\/\/archive.sana.sy\/es\/wp-content\/uploads\/2024\/11\/Reclusos-sirios-presentan-sus-creaciones-artesanales0-310x205.jpeg 310w\" sizes=\"(max-width: 1280px) 100vw, 1280px\" \/><\/a>\n\t\t\t<\/div><\/figure>\n\t\t<\/div>\n\n<p style=\"text-align: justify;\">fm\/sm<\/p>\n","protected":false},"excerpt":{"rendered":"<p>Homs, 22 nov (SANA)\u00a0 Los detenidos en la Prisi\u00f3n Central en la provincia siria de Homs exhibieron sus productos manuales y artesanales en una exposici\u00f3n organizada en cooperaci\u00f3n con el Departamento de Cultura provincial y la Asociaci\u00f3n de Atenci\u00f3n a Reclusos. La muestra incluy\u00f3 manualidades y productos de arabescos, pedrer\u00eda, lanas, dibujos y costura, adem\u00e1s &hellip;<\/p>\n","protected":false},"author":39,"featured_media":343393,"comment_status":"closed","ping_status":"closed","sticky":false,"template":"","format":"standard","meta":{"footnotes":""},"categories":[477,597,20724,476,583],"tags":[],"class_list":["post-343392","post","type-post","status-publish","format-standard","has-post-thumbnail","","category-noticias-edulcorantes","category-cinta-de-noticias","category-minuto-a-minuto","category-locales","category-slide"],"_links":{"self":[{"href":"https:\/\/archive.sana.sy\/es\/index.php?rest_route=\/wp\/v2\/posts\/343392"}],"collection":[{"href":"https:\/\/archive.sana.sy\/es\/index.php?rest_route=\/wp\/v2\/posts"}],"about":[{"href":"https:\/\/archive.sana.sy\/es\/index.php?rest_route=\/wp\/v2\/types\/post"}],"author":[{"embeddable":true,"href":"https:\/\/archive.sana.sy\/es\/index.php?rest_route=\/wp\/v2\/users\/39"}],"replies":[{"embeddable":true,"href":"https:\/\/archive.sana.sy\/es\/index.php?rest_route=%2Fwp%2Fv2%2Fcomments&post=343392"}],"version-history":[{"count":1,"href":"https:\/\/archive.sana.sy\/es\/index.php?rest_route=\/wp\/v2\/posts\/343392\/revisions"}],"predecessor-version":[{"id":343400,"href":"https:\/\/archive.sana.sy\/es\/index.php?rest_route=\/wp\/v2\/posts\/343392\/revisions\/343400"}],"wp:featuredmedia":[{"embeddable":true,"href":"https:\/\/archive.sana.sy\/es\/index.php?rest_route=\/wp\/v2\/media\/343393"}],"wp:attachment":[{"href":"https:\/\/archive.sana.sy\/es\/index.php?rest_route=%2Fwp%2Fv2%2Fmedia&parent=343392"}],"wp:term":[{"taxonomy":"category","embeddable":true,"href":"https:\/\/archive.sana.sy\/es\/index.php?rest_route=%2Fwp%2Fv2%2Fcategories&post=343392"},{"taxonomy":"post_tag","embeddable":true,"href":"https:\/\/archive.sana.sy\/es\/index.php?rest_route=%2Fwp%2Fv2%2Ftags&post=343392"}],"curies":[{"name":"wp","href":"https:\/\/api.w.org\/{rel}","templated":true}]}}