{"id":343401,"date":"2024-11-22T17:10:31","date_gmt":"2024-11-22T14:10:31","guid":{"rendered":"https:\/\/sana.sy\/es\/?p=343401"},"modified":"2024-11-22T17:10:31","modified_gmt":"2024-11-22T14:10:31","slug":"el-misil-balistico-ruso-oreshnik-alcanzo-su-objetivo-en-territorio-ucraniano-informo-defensa-ruso","status":"publish","type":"post","link":"https:\/\/archive.sana.sy\/es\/?p=343401","title":{"rendered":"El misil bal\u00edstico ruso Oreshnik alcanz\u00f3 su objetivo en territorio ucraniano, inform\u00f3 Defensa ruso"},"content":{"rendered":"<p style=\"text-align: justify;\"><span style=\"color: #800000;\"><strong>Mosc\u00fa, 22 nov (SANA)\u00a0 <\/strong><\/span>Todas las ojivas del misil bal\u00edstico de medio alcance Oreshnik alcanzaron su objetivo, inform\u00f3 hoy el Ministerio de Defensa de Rusia.<\/p>\n<p style=\"text-align: justify;\">una instalaci\u00f3n del complejo militar-industrial ucraniano en la ciudad de Dnepropetrovsk (nombre ucraniano Dnipr\u00f3),<\/p>\n<p style=\"text-align: justify;\">&#8220;El 21 de noviembre de 2024, en respuesta al uso de armas de largo alcance estadounidenses y brit\u00e1nicas contra el territorio de Rusia, las Fuerzas Armadas lanzaron un ataque combinado contra una de las instalaciones del complejo militar-industrial ucraniano en la ciudad de Dnepropetrovsk\u201d, indic\u00f3 el ente castrense.<\/p>\n<p style=\"text-align: justify;\">Detall\u00f3 que por primera vez en condiciones de combate, se utiliz\u00f3 con \u00e9xito el misil bal\u00edstico de medio alcance en configuraci\u00f3n hipers\u00f3nica y desnuclearizada Oreshnik.<\/p>\n<p style=\"text-align: justify;\">fm\/sm<\/p>\n","protected":false},"excerpt":{"rendered":"<p>Mosc\u00fa, 22 nov (SANA)\u00a0 Todas las ojivas del misil bal\u00edstico de medio alcance Oreshnik alcanzaron su objetivo, inform\u00f3 hoy el Ministerio de Defensa de Rusia. una instalaci\u00f3n del complejo militar-industrial ucraniano en la ciudad de Dnepropetrovsk (nombre ucraniano Dnipr\u00f3), &#8220;El 21 de noviembre de 2024, en respuesta al uso de armas de largo alcance estadounidenses &hellip;<\/p>\n","protected":false},"author":39,"featured_media":343402,"comment_status":"closed","ping_status":"closed","sticky":false,"template":"","format":"standard","meta":{"footnotes":""},"categories":[597,456,16687,20724,7541],"tags":[],"class_list":["post-343401","post","type-post","status-publish","format-standard","has-post-thumbnail","","category-cinta-de-noticias","category-arabe-internacional-politica","category-internacionales","category-minuto-a-minuto","category-ultimas-noticias"],"_links":{"self":[{"href":"https:\/\/archive.sana.sy\/es\/index.php?rest_route=\/wp\/v2\/posts\/343401"}],"collection":[{"href":"https:\/\/archive.sana.sy\/es\/index.php?rest_route=\/wp\/v2\/posts"}],"about":[{"href":"https:\/\/archive.sana.sy\/es\/index.php?rest_route=\/wp\/v2\/types\/post"}],"author":[{"embeddable":true,"href":"https:\/\/archive.sana.sy\/es\/index.php?rest_route=\/wp\/v2\/users\/39"}],"replies":[{"embeddable":true,"href":"https:\/\/archive.sana.sy\/es\/index.php?rest_route=%2Fwp%2Fv2%2Fcomments&post=343401"}],"version-history":[{"count":1,"href":"https:\/\/archive.sana.sy\/es\/index.php?rest_route=\/wp\/v2\/posts\/343401\/revisions"}],"predecessor-version":[{"id":343403,"href":"https:\/\/archive.sana.sy\/es\/index.php?rest_route=\/wp\/v2\/posts\/343401\/revisions\/343403"}],"wp:featuredmedia":[{"embeddable":true,"href":"https:\/\/archive.sana.sy\/es\/index.php?rest_route=\/wp\/v2\/media\/343402"}],"wp:attachment":[{"href":"https:\/\/archive.sana.sy\/es\/index.php?rest_route=%2Fwp%2Fv2%2Fmedia&parent=343401"}],"wp:term":[{"taxonomy":"category","embeddable":true,"href":"https:\/\/archive.sana.sy\/es\/index.php?rest_route=%2Fwp%2Fv2%2Fcategories&post=343401"},{"taxonomy":"post_tag","embeddable":true,"href":"https:\/\/archive.sana.sy\/es\/index.php?rest_route=%2Fwp%2Fv2%2Ftags&post=343401"}],"curies":[{"name":"wp","href":"https:\/\/api.w.org\/{rel}","templated":true}]}}