{"id":343408,"date":"2024-11-22T17:49:36","date_gmt":"2024-11-22T14:49:36","guid":{"rendered":"https:\/\/sana.sy\/es\/?p=343408"},"modified":"2024-11-22T17:49:36","modified_gmt":"2024-11-22T14:49:36","slug":"rusia-condena-energicamente-la-agresion-israeli-contra-la-ciudad-siria-de-palmira-declarada-patrimonio-de-la-humanidad-por-la-unesco","status":"publish","type":"post","link":"https:\/\/archive.sana.sy\/es\/?p=343408","title":{"rendered":"Rusia condena en\u00e9rgicamente la agresi\u00f3n israel\u00ed contra la ciudad siria de Palmira declarada Patrimonio de la Humanidad por la UNESCO"},"content":{"rendered":"<p style=\"text-align: justify;\"><span style=\"color: #800000;\"><strong>Mosc\u00fa, 22 nov (SANA)\u00a0<\/strong><\/span> \u00a0Rusia conden\u00f3 en\u00e9rgicamente la agresi\u00f3n israel\u00ed perpetrada hace dos d\u00edas contra la ciudad de Palmira en la provincia siria de Homs hace dos d\u00edas, que provoc\u00f3 la muerte y heridas a decenas de personas, y subray\u00f3 que se trata de una flagrante violaci\u00f3n de la soberan\u00eda siria y de las normas b\u00e1sicas del Derecho Internacional.<\/p>\n<p style=\"text-align: justify;\">\u201cCondenamos en\u00e9rgicamente el violento ataque llevado a cabo por \u201cIsrael\u201d en territorio sirio. Este ataque, as\u00ed como todos los que lo precedieron, constituye una clara violaci\u00f3n de la soberan\u00eda de este pa\u00eds y de las normas b\u00e1sicas del derecho internacional\u201d, dijo la portavoz del Ministerio de Asuntos Exteriores ruso, Mar\u00eda Zaj\u00e1rova, en una declaraci\u00f3n de prensa.<\/p>\n<p style=\"text-align: justify;\">La vocera enfariz\u00f3 la necesidad de se\u00f1alar con profundo pesar que la ferocidad del enfrentamiento en Oriente Medio ha llevado a la devaluaci\u00f3n no s\u00f3lo de la vida humana, sino tambi\u00e9n de la memoria cultural e hist\u00f3rica, ya que hace dos d\u00edas, los aviones de combate lanzaron una agresi\u00f3n a\u00e9rea contra la ciudad de Palmira, declarada Patrimonio de la Humanidad por la UNESCO y que anteriormente sufri\u00f3 la brutalidad de los terroristas del \u201cDaesh\u201d.<\/p>\n<p style=\"text-align: justify;\">sm<\/p>\n","protected":false},"excerpt":{"rendered":"<p>Mosc\u00fa, 22 nov (SANA)\u00a0 \u00a0Rusia conden\u00f3 en\u00e9rgicamente la agresi\u00f3n israel\u00ed perpetrada hace dos d\u00edas contra la ciudad de Palmira en la provincia siria de Homs hace dos d\u00edas, que provoc\u00f3 la muerte y heridas a decenas de personas, y subray\u00f3 que se trata de una flagrante violaci\u00f3n de la soberan\u00eda siria y de las normas &hellip;<\/p>\n","protected":false},"author":39,"featured_media":343409,"comment_status":"closed","ping_status":"closed","sticky":false,"template":"","format":"standard","meta":{"footnotes":""},"categories":[597,456,16687,20724,467,7541],"tags":[],"class_list":["post-343408","post","type-post","status-publish","format-standard","has-post-thumbnail","","category-cinta-de-noticias","category-arabe-internacional-politica","category-internacionales","category-minuto-a-minuto","category-siria-y-el-mundo","category-ultimas-noticias"],"_links":{"self":[{"href":"https:\/\/archive.sana.sy\/es\/index.php?rest_route=\/wp\/v2\/posts\/343408"}],"collection":[{"href":"https:\/\/archive.sana.sy\/es\/index.php?rest_route=\/wp\/v2\/posts"}],"about":[{"href":"https:\/\/archive.sana.sy\/es\/index.php?rest_route=\/wp\/v2\/types\/post"}],"author":[{"embeddable":true,"href":"https:\/\/archive.sana.sy\/es\/index.php?rest_route=\/wp\/v2\/users\/39"}],"replies":[{"embeddable":true,"href":"https:\/\/archive.sana.sy\/es\/index.php?rest_route=%2Fwp%2Fv2%2Fcomments&post=343408"}],"version-history":[{"count":1,"href":"https:\/\/archive.sana.sy\/es\/index.php?rest_route=\/wp\/v2\/posts\/343408\/revisions"}],"predecessor-version":[{"id":343410,"href":"https:\/\/archive.sana.sy\/es\/index.php?rest_route=\/wp\/v2\/posts\/343408\/revisions\/343410"}],"wp:featuredmedia":[{"embeddable":true,"href":"https:\/\/archive.sana.sy\/es\/index.php?rest_route=\/wp\/v2\/media\/343409"}],"wp:attachment":[{"href":"https:\/\/archive.sana.sy\/es\/index.php?rest_route=%2Fwp%2Fv2%2Fmedia&parent=343408"}],"wp:term":[{"taxonomy":"category","embeddable":true,"href":"https:\/\/archive.sana.sy\/es\/index.php?rest_route=%2Fwp%2Fv2%2Fcategories&post=343408"},{"taxonomy":"post_tag","embeddable":true,"href":"https:\/\/archive.sana.sy\/es\/index.php?rest_route=%2Fwp%2Fv2%2Ftags&post=343408"}],"curies":[{"name":"wp","href":"https:\/\/api.w.org\/{rel}","templated":true}]}}