{"id":343411,"date":"2024-11-22T18:10:01","date_gmt":"2024-11-22T15:10:01","guid":{"rendered":"https:\/\/sana.sy\/es\/?p=343411"},"modified":"2024-11-22T18:18:13","modified_gmt":"2024-11-22T15:18:13","slug":"siria-abrio-sus-puertas-y-recibio-a-600-mil-desplazados-del-libano","status":"publish","type":"post","link":"https:\/\/archive.sana.sy\/es\/?p=343411","title":{"rendered":"Siria abri\u00f3 sus puertas y recibi\u00f3 a 600 mil desplazados del L\u00edbano"},"content":{"rendered":"<p style=\"text-align: justify;\"><span style=\"color: #800000;\"><strong>Damasco, 22 nov (SANA)<\/strong> \u00a0<\/span>La brutal agresi\u00f3n israel\u00ed contra el L\u00edbano provoc\u00f3 una enorme ola de desplazamiento y Siria abri\u00f3 sus puertas y recibi\u00f3 a 600 mil desplazados, revel\u00f3 el delegado sirio en la ONU, Qusai Al-Dahhak.<\/p>\n<p style=\"text-align: justify;\"><img loading=\"lazy\" decoding=\"async\" class=\"size-medium wp-image-343358 alignright\" src=\"http:\/\/sana.sy\/es\/wp-content\/uploads\/2024\/11\/Representante-permanente-de-Siria-ante-la-ONU-critica-incapacidad-del-Consejo-de-Seguridad-para-poner-fin-a-las-agresiones-israelies-contra-los-paises-de-la-region-300x150.jpg\" alt=\"\" width=\"300\" height=\"150\" srcset=\"https:\/\/archive.sana.sy\/es\/wp-content\/uploads\/2024\/11\/Representante-permanente-de-Siria-ante-la-ONU-critica-incapacidad-del-Consejo-de-Seguridad-para-poner-fin-a-las-agresiones-israelies-contra-los-paises-de-la-region-300x150.jpg 300w, https:\/\/archive.sana.sy\/es\/wp-content\/uploads\/2024\/11\/Representante-permanente-de-Siria-ante-la-ONU-critica-incapacidad-del-Consejo-de-Seguridad-para-poner-fin-a-las-agresiones-israelies-contra-los-paises-de-la-region-150x75.jpg 150w, https:\/\/archive.sana.sy\/es\/wp-content\/uploads\/2024\/11\/Representante-permanente-de-Siria-ante-la-ONU-critica-incapacidad-del-Consejo-de-Seguridad-para-poner-fin-a-las-agresiones-israelies-contra-los-paises-de-la-region.jpg 660w\" sizes=\"(max-width: 300px) 100vw, 300px\" \/><\/p>\n<p style=\"text-align: justify;\">Hemos movilizado nuestras capacidades y energ\u00edas al m\u00e1ximo para acoger a cientos de miles de libaneses, sirios y nacionales de terceros pa\u00edses, afirm\u00f3 el diplom\u00e1tico.<\/p>\n<p style=\"text-align: justify;\">Aclar\u00f3 que el 71 por ciento de quienes llegan al pa\u00eds son sirios que resid\u00edan en la naci\u00f3n de los cedros.<\/p>\n<p style=\"text-align: justify;\">El gran n\u00famero de sirios que regresaron del L\u00edbano y las facilidades ofrecidas a ellos por las autoridades comprueban de manera concluyente la falsedad de las acusaciones y alegaciones occidentales sobre la cuesti\u00f3n del retorno de los sirios refugiados, explic\u00f3 Al-Dahhak.<\/p>\n<p style=\"text-align: justify;\">A\u00f1adi\u00f3 que Damasco, en cooperaci\u00f3n con las agencias de Naciones Unidas y entidades humanitarias y de la sociedad civil, brinda a estos desplazados todos los servicios necesarios a pesar de los grandes desaf\u00edos y circunstancias dif\u00edciles que enfrenta el pa\u00eds en general.<\/p>\n<p style=\"text-align: justify;\">El funcionario lanz\u00f3 un llamado para apoyar los esfuerzos sirios en la respuesta humanitaria, proporcionar la financiaci\u00f3n necesaria y responder a los llamamientos pertinentes lanzados por las Naciones Unidas y sus agencias especializadas.<\/p>\n<p style=\"text-align: justify;\">Por \u00faltimo, el representante sirio en la ONU destac\u00f3 la necesidad de levantar de forma inmediata, completa e incondicional las medidas coercitivas unilaterales que constituyen un castigo colectivo al pueblo sirio y lo privan de satisfacer sus necesidades m\u00e1s b\u00e1sicas, concluy\u00f3 el diplom\u00e1tico.<\/p>\n<div id='gallery-1' class='gallery galleryid-343411 gallery-columns-1 gallery-size-full'><figure class='gallery-item'>\n\t\t\t<div class='gallery-icon landscape'>\n\t\t\t\t<a href='https:\/\/archive.sana.sy\/es\/?attachment_id=343415'><img loading=\"lazy\" decoding=\"async\" width=\"1280\" height=\"853\" src=\"https:\/\/archive.sana.sy\/es\/wp-content\/uploads\/2024\/11\/Siria-abrio-sus-puertas-y-recibio-a-600-mil-desplazados-del-Libano000.jpeg\" class=\"attachment-full size-full\" alt=\"\" srcset=\"https:\/\/archive.sana.sy\/es\/wp-content\/uploads\/2024\/11\/Siria-abrio-sus-puertas-y-recibio-a-600-mil-desplazados-del-Libano000.jpeg 1280w, https:\/\/archive.sana.sy\/es\/wp-content\/uploads\/2024\/11\/Siria-abrio-sus-puertas-y-recibio-a-600-mil-desplazados-del-Libano000-300x200.jpeg 300w, https:\/\/archive.sana.sy\/es\/wp-content\/uploads\/2024\/11\/Siria-abrio-sus-puertas-y-recibio-a-600-mil-desplazados-del-Libano000-1024x682.jpeg 1024w, https:\/\/archive.sana.sy\/es\/wp-content\/uploads\/2024\/11\/Siria-abrio-sus-puertas-y-recibio-a-600-mil-desplazados-del-Libano000-150x100.jpeg 150w, https:\/\/archive.sana.sy\/es\/wp-content\/uploads\/2024\/11\/Siria-abrio-sus-puertas-y-recibio-a-600-mil-desplazados-del-Libano000-768x512.jpeg 768w\" sizes=\"(max-width: 1280px) 100vw, 1280px\" \/><\/a>\n\t\t\t<\/div><\/figure><figure class='gallery-item'>\n\t\t\t<div class='gallery-icon landscape'>\n\t\t\t\t<a href='https:\/\/archive.sana.sy\/es\/?attachment_id=343414'><img loading=\"lazy\" decoding=\"async\" width=\"1280\" height=\"853\" src=\"https:\/\/archive.sana.sy\/es\/wp-content\/uploads\/2024\/11\/Siria-abrio-sus-puertas-y-recibio-a-600-mil-desplazados-del-Libano001.jpeg\" class=\"attachment-full size-full\" alt=\"\" srcset=\"https:\/\/archive.sana.sy\/es\/wp-content\/uploads\/2024\/11\/Siria-abrio-sus-puertas-y-recibio-a-600-mil-desplazados-del-Libano001.jpeg 1280w, https:\/\/archive.sana.sy\/es\/wp-content\/uploads\/2024\/11\/Siria-abrio-sus-puertas-y-recibio-a-600-mil-desplazados-del-Libano001-300x200.jpeg 300w, https:\/\/archive.sana.sy\/es\/wp-content\/uploads\/2024\/11\/Siria-abrio-sus-puertas-y-recibio-a-600-mil-desplazados-del-Libano001-1024x682.jpeg 1024w, https:\/\/archive.sana.sy\/es\/wp-content\/uploads\/2024\/11\/Siria-abrio-sus-puertas-y-recibio-a-600-mil-desplazados-del-Libano001-150x100.jpeg 150w, https:\/\/archive.sana.sy\/es\/wp-content\/uploads\/2024\/11\/Siria-abrio-sus-puertas-y-recibio-a-600-mil-desplazados-del-Libano001-768x512.jpeg 768w\" sizes=\"(max-width: 1280px) 100vw, 1280px\" \/><\/a>\n\t\t\t<\/div><\/figure><figure class='gallery-item'>\n\t\t\t<div class='gallery-icon landscape'>\n\t\t\t\t<a href='https:\/\/archive.sana.sy\/es\/?attachment_id=343413'><img loading=\"lazy\" decoding=\"async\" width=\"592\" height=\"395\" src=\"https:\/\/archive.sana.sy\/es\/wp-content\/uploads\/2024\/11\/Siria-abrio-sus-puertas-y-recibio-a-600-mil-desplazados-del-Libano010.jpeg\" class=\"attachment-full size-full\" alt=\"\" srcset=\"https:\/\/archive.sana.sy\/es\/wp-content\/uploads\/2024\/11\/Siria-abrio-sus-puertas-y-recibio-a-600-mil-desplazados-del-Libano010.jpeg 592w, https:\/\/archive.sana.sy\/es\/wp-content\/uploads\/2024\/11\/Siria-abrio-sus-puertas-y-recibio-a-600-mil-desplazados-del-Libano010-300x200.jpeg 300w, https:\/\/archive.sana.sy\/es\/wp-content\/uploads\/2024\/11\/Siria-abrio-sus-puertas-y-recibio-a-600-mil-desplazados-del-Libano010-150x100.jpeg 150w\" sizes=\"(max-width: 592px) 100vw, 592px\" \/><\/a>\n\t\t\t<\/div><\/figure><figure class='gallery-item'>\n\t\t\t<div class='gallery-icon landscape'>\n\t\t\t\t<a href='https:\/\/archive.sana.sy\/es\/?attachment_id=343416'><img loading=\"lazy\" decoding=\"async\" width=\"1280\" height=\"853\" src=\"https:\/\/archive.sana.sy\/es\/wp-content\/uploads\/2024\/11\/Siria-abrio-sus-puertas-y-recibio-a-600-mil-desplazados-del-Libano00.jpeg\" class=\"attachment-full size-full\" alt=\"\" srcset=\"https:\/\/archive.sana.sy\/es\/wp-content\/uploads\/2024\/11\/Siria-abrio-sus-puertas-y-recibio-a-600-mil-desplazados-del-Libano00.jpeg 1280w, https:\/\/archive.sana.sy\/es\/wp-content\/uploads\/2024\/11\/Siria-abrio-sus-puertas-y-recibio-a-600-mil-desplazados-del-Libano00-300x200.jpeg 300w, https:\/\/archive.sana.sy\/es\/wp-content\/uploads\/2024\/11\/Siria-abrio-sus-puertas-y-recibio-a-600-mil-desplazados-del-Libano00-1024x682.jpeg 1024w, https:\/\/archive.sana.sy\/es\/wp-content\/uploads\/2024\/11\/Siria-abrio-sus-puertas-y-recibio-a-600-mil-desplazados-del-Libano00-150x100.jpeg 150w, https:\/\/archive.sana.sy\/es\/wp-content\/uploads\/2024\/11\/Siria-abrio-sus-puertas-y-recibio-a-600-mil-desplazados-del-Libano00-768x512.jpeg 768w\" sizes=\"(max-width: 1280px) 100vw, 1280px\" \/><\/a>\n\t\t\t<\/div><\/figure>\n\t\t<\/div>\n\n<p style=\"text-align: justify;\">fm\/sm<\/p>\n","protected":false},"excerpt":{"rendered":"<p>Damasco, 22 nov (SANA) \u00a0La brutal agresi\u00f3n israel\u00ed contra el L\u00edbano provoc\u00f3 una enorme ola de desplazamiento y Siria abri\u00f3 sus puertas y recibi\u00f3 a 600 mil desplazados, revel\u00f3 el delegado sirio en la ONU, Qusai Al-Dahhak. Hemos movilizado nuestras capacidades y energ\u00edas al m\u00e1ximo para acoger a cientos de miles de libaneses, sirios y &hellip;<\/p>\n","protected":false},"author":39,"featured_media":343412,"comment_status":"closed","ping_status":"closed","sticky":false,"template":"","format":"standard","meta":{"footnotes":""},"categories":[597,20724,467,583],"tags":[],"class_list":["post-343411","post","type-post","status-publish","format-standard","has-post-thumbnail","","category-cinta-de-noticias","category-minuto-a-minuto","category-siria-y-el-mundo","category-slide"],"_links":{"self":[{"href":"https:\/\/archive.sana.sy\/es\/index.php?rest_route=\/wp\/v2\/posts\/343411"}],"collection":[{"href":"https:\/\/archive.sana.sy\/es\/index.php?rest_route=\/wp\/v2\/posts"}],"about":[{"href":"https:\/\/archive.sana.sy\/es\/index.php?rest_route=\/wp\/v2\/types\/post"}],"author":[{"embeddable":true,"href":"https:\/\/archive.sana.sy\/es\/index.php?rest_route=\/wp\/v2\/users\/39"}],"replies":[{"embeddable":true,"href":"https:\/\/archive.sana.sy\/es\/index.php?rest_route=%2Fwp%2Fv2%2Fcomments&post=343411"}],"version-history":[{"count":2,"href":"https:\/\/archive.sana.sy\/es\/index.php?rest_route=\/wp\/v2\/posts\/343411\/revisions"}],"predecessor-version":[{"id":343421,"href":"https:\/\/archive.sana.sy\/es\/index.php?rest_route=\/wp\/v2\/posts\/343411\/revisions\/343421"}],"wp:featuredmedia":[{"embeddable":true,"href":"https:\/\/archive.sana.sy\/es\/index.php?rest_route=\/wp\/v2\/media\/343412"}],"wp:attachment":[{"href":"https:\/\/archive.sana.sy\/es\/index.php?rest_route=%2Fwp%2Fv2%2Fmedia&parent=343411"}],"wp:term":[{"taxonomy":"category","embeddable":true,"href":"https:\/\/archive.sana.sy\/es\/index.php?rest_route=%2Fwp%2Fv2%2Fcategories&post=343411"},{"taxonomy":"post_tag","embeddable":true,"href":"https:\/\/archive.sana.sy\/es\/index.php?rest_route=%2Fwp%2Fv2%2Ftags&post=343411"}],"curies":[{"name":"wp","href":"https:\/\/api.w.org\/{rel}","templated":true}]}}