{"id":343530,"date":"2024-11-24T15:51:01","date_gmt":"2024-11-24T12:51:01","guid":{"rendered":"https:\/\/sana.sy\/es\/?p=343530"},"modified":"2024-11-24T17:03:47","modified_gmt":"2024-11-24T14:03:47","slug":"canciller-sirio-recibe-a-enviado-especial-de-la-onu-para-siria-2","status":"publish","type":"post","link":"https:\/\/archive.sana.sy\/es\/?p=343530","title":{"rendered":"Situaci\u00f3n humanitaria centra reuni\u00f3n del Canciller sirio con el Enviado Especial de la ONU"},"content":{"rendered":"<p style=\"text-align: justify;\"><span style=\"color: #800000;\"><strong>Damasco, 24 nov (SANA)<\/strong><\/span> El ministro sirio de Asuntos Exteriores y Expatriados, Bassam Al-Sabagh, recibi\u00f3 al enviado especial del Secretario General de las Naciones Unidas para Siria, Geir Pedersen, en la sede de la Canciller\u00eda en Damasco.<\/p>\n<p style=\"text-align: justify;\">Las dos partes abordaron la escalada que presencia la regi\u00f3n debido a la agresi\u00f3n israel\u00ed contra Siria y el L\u00edbano, y que llev\u00f3 a cientos de miles de sirios y libaneses a refugiarse en Siria para escapar del infierno de la maquinaria b\u00e9lica y mortal israel\u00ed.<\/p>\n<p style=\"text-align: justify;\">El canciller Sabbagh explic\u00f3 las facilidades ofrecidas por el gobierno sirio en la respuesta a esta situaci\u00f3n humanitaria de emergencia, a pesar de las dif\u00edciles circunstancias que atraviesa Siria.<\/p>\n<p style=\"text-align: justify;\">Denunci\u00f3 que las medidas coercitivas unilaterales ilegales e inhumanas, impuestas por Estados Unidos y la Uni\u00f3n Europea al pueblo sirio han exacerbado la grave situaci\u00f3n humana de los sirios.<\/p>\n<p style=\"text-align: justify;\"><img loading=\"lazy\" decoding=\"async\" class=\"wp-image-343531 alignleft\" src=\"http:\/\/sana.sy\/es\/wp-content\/uploads\/2024\/11\/photo_2024-11-24_11-21-03.jpg\" alt=\"\" width=\"270\" height=\"203\" srcset=\"https:\/\/archive.sana.sy\/es\/wp-content\/uploads\/2024\/11\/photo_2024-11-24_11-21-03.jpg 1280w, https:\/\/archive.sana.sy\/es\/wp-content\/uploads\/2024\/11\/photo_2024-11-24_11-21-03-300x225.jpg 300w, https:\/\/archive.sana.sy\/es\/wp-content\/uploads\/2024\/11\/photo_2024-11-24_11-21-03-1024x768.jpg 1024w, https:\/\/archive.sana.sy\/es\/wp-content\/uploads\/2024\/11\/photo_2024-11-24_11-21-03-150x113.jpg 150w, https:\/\/archive.sana.sy\/es\/wp-content\/uploads\/2024\/11\/photo_2024-11-24_11-21-03-768x576.jpg 768w\" sizes=\"(max-width: 270px) 100vw, 270px\" \/>El jefe de la diplomacia siria llam\u00f3 a las Naciones Unidas a asumir sus responsabilidades para detener las violaciones y cr\u00edmenes de israel\u00edes y sus repetidos ataques al territorio sirio.<\/p>\n<p style=\"text-align: justify;\">Inst\u00f3 a apoyar los esfuerzos del gobierno sirio en la respuesta humanitaria, incluido el apoyo a la implementaci\u00f3n de proyectos de recuperaci\u00f3n temprana.<\/p>\n<p style=\"text-align: justify;\">Por su parte, Pedersen salud\u00f3 los esfuerzos realizados por el gobierno sirio y las facilidades brindadas a quienes llegan del L\u00edbano.<\/p>\n<p style=\"text-align: justify;\">Explic\u00f3 los resultados de sus contactos que est\u00e1 realizando para implementar su mandato, y destac\u00f3 el respeto a la soberan\u00eda, unidad e integridad territorial de Siria.<\/p>\n<p style=\"text-align: justify;\">fm<\/p>\n","protected":false},"excerpt":{"rendered":"<p>Damasco, 24 nov (SANA) El ministro sirio de Asuntos Exteriores y Expatriados, Bassam Al-Sabagh, recibi\u00f3 al enviado especial del Secretario General de las Naciones Unidas para Siria, Geir Pedersen, en la sede de la Canciller\u00eda en Damasco. Las dos partes abordaron la escalada que presencia la regi\u00f3n debido a la agresi\u00f3n israel\u00ed contra Siria y &hellip;<\/p>\n","protected":false},"author":34,"featured_media":343547,"comment_status":"closed","ping_status":"closed","sticky":false,"template":"","format":"standard","meta":{"footnotes":""},"categories":[447,477,597,20724,476,467,583],"tags":[],"class_list":["post-343530","post","type-post","status-publish","format-standard","has-post-thumbnail","","category-local-politica","category-noticias-edulcorantes","category-cinta-de-noticias","category-minuto-a-minuto","category-locales","category-siria-y-el-mundo","category-slide"],"_links":{"self":[{"href":"https:\/\/archive.sana.sy\/es\/index.php?rest_route=\/wp\/v2\/posts\/343530"}],"collection":[{"href":"https:\/\/archive.sana.sy\/es\/index.php?rest_route=\/wp\/v2\/posts"}],"about":[{"href":"https:\/\/archive.sana.sy\/es\/index.php?rest_route=\/wp\/v2\/types\/post"}],"author":[{"embeddable":true,"href":"https:\/\/archive.sana.sy\/es\/index.php?rest_route=\/wp\/v2\/users\/34"}],"replies":[{"embeddable":true,"href":"https:\/\/archive.sana.sy\/es\/index.php?rest_route=%2Fwp%2Fv2%2Fcomments&post=343530"}],"version-history":[{"count":4,"href":"https:\/\/archive.sana.sy\/es\/index.php?rest_route=\/wp\/v2\/posts\/343530\/revisions"}],"predecessor-version":[{"id":343550,"href":"https:\/\/archive.sana.sy\/es\/index.php?rest_route=\/wp\/v2\/posts\/343530\/revisions\/343550"}],"wp:featuredmedia":[{"embeddable":true,"href":"https:\/\/archive.sana.sy\/es\/index.php?rest_route=\/wp\/v2\/media\/343547"}],"wp:attachment":[{"href":"https:\/\/archive.sana.sy\/es\/index.php?rest_route=%2Fwp%2Fv2%2Fmedia&parent=343530"}],"wp:term":[{"taxonomy":"category","embeddable":true,"href":"https:\/\/archive.sana.sy\/es\/index.php?rest_route=%2Fwp%2Fv2%2Fcategories&post=343530"},{"taxonomy":"post_tag","embeddable":true,"href":"https:\/\/archive.sana.sy\/es\/index.php?rest_route=%2Fwp%2Fv2%2Ftags&post=343530"}],"curies":[{"name":"wp","href":"https:\/\/api.w.org\/{rel}","templated":true}]}}