{"id":343533,"date":"2024-11-24T15:59:50","date_gmt":"2024-11-24T12:59:50","guid":{"rendered":"https:\/\/sana.sy\/es\/?p=343533"},"modified":"2024-11-24T15:59:50","modified_gmt":"2024-11-24T12:59:50","slug":"israel-ataca-al-ejercito-libanes","status":"publish","type":"post","link":"https:\/\/archive.sana.sy\/es\/?p=343533","title":{"rendered":"&#8220;Israel&#8221; ataca al ej\u00e9rcito liban\u00e9s"},"content":{"rendered":"<p style=\"text-align: justify;\"><span style=\"color: #800000;\"><strong>Beirut, 24 nov (SANA)<\/strong><\/span> El Ej\u00e9rcito del L\u00edbano anunci\u00f3 hoy la muerte de un soldado y otros 18 heridos, incluso algunos de gravedad, tras ataque israel\u00ed contra un puesto de control, en el sur del pa\u00eds.<\/p>\n<p style=\"text-align: justify;\">La agresi\u00f3n a las fuerzas armadas libanesas fue de manera directa desde una unidad de artiller\u00eda reci\u00e9n desplegada en la colina de Chamaa.<\/p>\n<p style=\"text-align: justify;\">El jueves \u00faltimo, el comandante del Ej\u00e9rcito, general Joseph Aoun, reafirm\u00f3 el compromiso de las Fuerzas Armadas con la seguridad, la estabilidad y la soberan\u00eda de L\u00edbano, en un acto por el 81 aniversario del D\u00eda de la Independencia.<\/p>\n<p style=\"text-align: justify;\">fm\/ma<\/p>\n","protected":false},"excerpt":{"rendered":"<p>Beirut, 24 nov (SANA) El Ej\u00e9rcito del L\u00edbano anunci\u00f3 hoy la muerte de un soldado y otros 18 heridos, incluso algunos de gravedad, tras ataque israel\u00ed contra un puesto de control, en el sur del pa\u00eds. La agresi\u00f3n a las fuerzas armadas libanesas fue de manera directa desde una unidad de artiller\u00eda reci\u00e9n desplegada en &hellip;<\/p>\n","protected":false},"author":34,"featured_media":343534,"comment_status":"closed","ping_status":"closed","sticky":false,"template":"","format":"standard","meta":{"footnotes":""},"categories":[597,456,20724],"tags":[],"class_list":["post-343533","post","type-post","status-publish","format-standard","has-post-thumbnail","","category-cinta-de-noticias","category-arabe-internacional-politica","category-minuto-a-minuto"],"_links":{"self":[{"href":"https:\/\/archive.sana.sy\/es\/index.php?rest_route=\/wp\/v2\/posts\/343533"}],"collection":[{"href":"https:\/\/archive.sana.sy\/es\/index.php?rest_route=\/wp\/v2\/posts"}],"about":[{"href":"https:\/\/archive.sana.sy\/es\/index.php?rest_route=\/wp\/v2\/types\/post"}],"author":[{"embeddable":true,"href":"https:\/\/archive.sana.sy\/es\/index.php?rest_route=\/wp\/v2\/users\/34"}],"replies":[{"embeddable":true,"href":"https:\/\/archive.sana.sy\/es\/index.php?rest_route=%2Fwp%2Fv2%2Fcomments&post=343533"}],"version-history":[{"count":1,"href":"https:\/\/archive.sana.sy\/es\/index.php?rest_route=\/wp\/v2\/posts\/343533\/revisions"}],"predecessor-version":[{"id":343535,"href":"https:\/\/archive.sana.sy\/es\/index.php?rest_route=\/wp\/v2\/posts\/343533\/revisions\/343535"}],"wp:featuredmedia":[{"embeddable":true,"href":"https:\/\/archive.sana.sy\/es\/index.php?rest_route=\/wp\/v2\/media\/343534"}],"wp:attachment":[{"href":"https:\/\/archive.sana.sy\/es\/index.php?rest_route=%2Fwp%2Fv2%2Fmedia&parent=343533"}],"wp:term":[{"taxonomy":"category","embeddable":true,"href":"https:\/\/archive.sana.sy\/es\/index.php?rest_route=%2Fwp%2Fv2%2Fcategories&post=343533"},{"taxonomy":"post_tag","embeddable":true,"href":"https:\/\/archive.sana.sy\/es\/index.php?rest_route=%2Fwp%2Fv2%2Ftags&post=343533"}],"curies":[{"name":"wp","href":"https:\/\/api.w.org\/{rel}","templated":true}]}}