{"id":343555,"date":"2024-11-24T20:55:37","date_gmt":"2024-11-24T17:55:37","guid":{"rendered":"https:\/\/sana.sy\/es\/?p=343555"},"modified":"2024-11-25T05:57:06","modified_gmt":"2024-11-25T02:57:06","slug":"siria-afirma-su-apoyo-a-iraq-y-su-rechazo-a-las-alegaciones-israelies-en-su-contra","status":"publish","type":"post","link":"https:\/\/archive.sana.sy\/es\/?p=343555","title":{"rendered":"Siria afirma apoyo a Iraq y rechazo a las alegaciones israel\u00edes en su contra"},"content":{"rendered":"<p style=\"text-align: justify;\"><span style=\"color: #800000;\"><strong>El Cairo, 24 nov (SANA)\u00a0<\/strong> <\/span>El representante permanente de Siria ante la Liga de Estados \u00c1rabes, Hossam El-Din Aala, reiter\u00f3 el firme apoyo de su pa\u00eds a Iraq y a la preservaci\u00f3n de su soberan\u00eda e integridad territorial, y conden\u00f3 las acusaciones de la entidad israel\u00ed en su contra.<\/p>\n<p style=\"text-align: justify;\">\u201cSiria ha sido uno de los primeros pa\u00edses en apoyar la solicitud iraqu\u00ed de celebrar esta reuni\u00f3n de emergencia para abordar las acusaciones y amenazas israel\u00edes en su contra, afirm\u00f3 Aala en su intervenci\u00f3n ante la reuni\u00f3n extraordinaria del Consejo de la Liga \u00c1rabe celebrada a nivel de delegados permanentes.<\/p>\n<p style=\"text-align: justify;\"><img loading=\"lazy\" decoding=\"async\" class=\"size-medium wp-image-343557 alignleft\" src=\"http:\/\/sana.sy\/es\/wp-content\/uploads\/2024\/11\/photo_2024-11-24_18-17-18--300x208.jpg\" alt=\"\" width=\"300\" height=\"208\" srcset=\"https:\/\/archive.sana.sy\/es\/wp-content\/uploads\/2024\/11\/photo_2024-11-24_18-17-18--300x208.jpg 300w, https:\/\/archive.sana.sy\/es\/wp-content\/uploads\/2024\/11\/photo_2024-11-24_18-17-18--150x104.jpg 150w, https:\/\/archive.sana.sy\/es\/wp-content\/uploads\/2024\/11\/photo_2024-11-24_18-17-18--110x75.jpg 110w, https:\/\/archive.sana.sy\/es\/wp-content\/uploads\/2024\/11\/photo_2024-11-24_18-17-18-.jpg 660w\" sizes=\"(max-width: 300px) 100vw, 300px\" \/>El embajador sirio asegur\u00f3 que Damasco est\u00e1 consciente de que las amenazas israel\u00edes de ampliar la agresi\u00f3n contra los pa\u00edses de la regi\u00f3n son una realidad que demuestra la persistencia del ocupante de continuar la guerra genocida contra Gaza y Cisjordania, y su b\u00e1rbara agresi\u00f3n contra el L\u00edbano y los territorios sirios con el objetivo de llevar la regi\u00f3n a una mayor escalada\u201d<\/p>\n<p style=\"text-align: justify;\">Ratific\u00f3 el rechazo a los intentos del ocupante israel\u00ed de utilizar algunas acusaciones como pretexto para llevar a cabo una agresi\u00f3n contra Iraq.<\/p>\n<p style=\"text-align: justify;\">Estas acusaciones y amenazas forman parte de las campa\u00f1as sistem\u00e1ticas de desinformaci\u00f3n promovidas por la entidad ocupante para justificar la escalada de sus ataques contra Siria y ampliar su agresi\u00f3n en la regi\u00f3n, asegur\u00f3 el diplom\u00e1tico.<\/p>\n<p style=\"text-align: justify;\">Denunci\u00f3 que las fuerzas de ocupaci\u00f3n cavaron recientemente grandes trincheras a lo largo de la l\u00ednea de alto el fuego en el norte y sur de la zona de separaci\u00f3n en el Gol\u00e1n, adem\u00e1s de otras violaciones que incluyen arrasar tierras agr\u00edcolas y construir carreteras, con el objetivo de crear una nueva realidad en la regi\u00f3n.<\/p>\n<p style=\"text-align: justify;\">\u201cSiria inform\u00f3 a las Naciones Unidas de estas medidas que violan las resoluciones del Consejo de Seguridad y el Acuerdo de Separaci\u00f3n de 1974, advirti\u00f3 de su gravedad y pidi\u00f3 que se adopten medidas inmediatas y firmes para detener la agresi\u00f3n israel\u00ed y poner fin a sus violaciones\u201d, agreg\u00f3 el delegado.<\/p>\n<p style=\"text-align: justify;\">Expres\u00f3 el apoyo a las medidas incluidas en el proyecto de resoluci\u00f3n presentado por Iraq, y su aspiraci\u00f3n a una posici\u00f3n \u00e1rabe que est\u00e1 a la altura de las amenazas y los planes coloniales que la entidad sionista est\u00e1 trabajando para implementar en la regi\u00f3n, especialmente ante la incapacidad del Consejo de Seguridad de asumir sus responsabilidades en el mantenimiento de la paz y la seguridad en la regi\u00f3n y en el mundo, debido al veto estadounidense.<\/p>\n<p style=\"text-align: justify;\">rr\/fm<\/p>\n","protected":false},"excerpt":{"rendered":"<p>El Cairo, 24 nov (SANA)\u00a0 El representante permanente de Siria ante la Liga de Estados \u00c1rabes, Hossam El-Din Aala, reiter\u00f3 el firme apoyo de su pa\u00eds a Iraq y a la preservaci\u00f3n de su soberan\u00eda e integridad territorial, y conden\u00f3 las acusaciones de la entidad israel\u00ed en su contra. \u201cSiria ha sido uno de los &hellip;<\/p>\n","protected":false},"author":31,"featured_media":343556,"comment_status":"closed","ping_status":"closed","sticky":false,"template":"","format":"standard","meta":{"footnotes":""},"categories":[597,456,467,7541],"tags":[],"class_list":["post-343555","post","type-post","status-publish","format-standard","has-post-thumbnail","","category-cinta-de-noticias","category-arabe-internacional-politica","category-siria-y-el-mundo","category-ultimas-noticias"],"_links":{"self":[{"href":"https:\/\/archive.sana.sy\/es\/index.php?rest_route=\/wp\/v2\/posts\/343555"}],"collection":[{"href":"https:\/\/archive.sana.sy\/es\/index.php?rest_route=\/wp\/v2\/posts"}],"about":[{"href":"https:\/\/archive.sana.sy\/es\/index.php?rest_route=\/wp\/v2\/types\/post"}],"author":[{"embeddable":true,"href":"https:\/\/archive.sana.sy\/es\/index.php?rest_route=\/wp\/v2\/users\/31"}],"replies":[{"embeddable":true,"href":"https:\/\/archive.sana.sy\/es\/index.php?rest_route=%2Fwp%2Fv2%2Fcomments&post=343555"}],"version-history":[{"count":4,"href":"https:\/\/archive.sana.sy\/es\/index.php?rest_route=\/wp\/v2\/posts\/343555\/revisions"}],"predecessor-version":[{"id":346717,"href":"https:\/\/archive.sana.sy\/es\/index.php?rest_route=\/wp\/v2\/posts\/343555\/revisions\/346717"}],"wp:featuredmedia":[{"embeddable":true,"href":"https:\/\/archive.sana.sy\/es\/index.php?rest_route=\/wp\/v2\/media\/343556"}],"wp:attachment":[{"href":"https:\/\/archive.sana.sy\/es\/index.php?rest_route=%2Fwp%2Fv2%2Fmedia&parent=343555"}],"wp:term":[{"taxonomy":"category","embeddable":true,"href":"https:\/\/archive.sana.sy\/es\/index.php?rest_route=%2Fwp%2Fv2%2Fcategories&post=343555"},{"taxonomy":"post_tag","embeddable":true,"href":"https:\/\/archive.sana.sy\/es\/index.php?rest_route=%2Fwp%2Fv2%2Ftags&post=343555"}],"curies":[{"name":"wp","href":"https:\/\/api.w.org\/{rel}","templated":true}]}}