{"id":343627,"date":"2024-11-25T20:29:02","date_gmt":"2024-11-25T17:29:02","guid":{"rendered":"https:\/\/sana.sy\/es\/?p=343627"},"modified":"2024-11-25T21:07:49","modified_gmt":"2024-11-25T18:07:49","slug":"canciller-sirio-insta-a-tomar-medidas-efectivas-e-inmediatas-para-detener-crimenes-y-violaciones-israelies","status":"publish","type":"post","link":"https:\/\/archive.sana.sy\/es\/?p=343627","title":{"rendered":"Canciller sirio insta a tomar medidas efectivas e inmediatas para detener cr\u00edmenes y violaciones israel\u00edes"},"content":{"rendered":"<p style=\"text-align: justify;\"><span style=\"color: #800000;\"><strong>Damasco, 25 nov (SANA)\u00a0<\/strong><\/span>El ministro sirio de Asuntos Exteriores y Expatriados, Bassam Sabbagh, durante la reuni\u00f3n ministerial virtual de Emergencia del Grupo de Amigos en Defensa de la Carta de las Naciones Unidas inst\u00f3 a tomar medidas firmes, efectivas e inmediatas para detener los cr\u00edmenes y violaciones de &#8220;Israel&#8221; del Derecho Internacional y el Derecho Internacional Humanitario.<\/p>\n<p style=\"text-align: justify;\">Asimismo, Sabbagh enfatiz\u00f3 la necesidad de llevar ante la justicia a los autores de cr\u00edmenes de guerra y genocidio israel\u00edes y garantizar la impunidad de estos.<\/p>\n<p style=\"text-align: justify;\">Adem\u00e1s, el Canciller sirio reiter\u00f3 la condena de su pa\u00eds a las flagrantes agresiones israel\u00edes contra los pa\u00edses y pueblos de la regi\u00f3n, as\u00ed como a los cr\u00edmenes de guerra y genocidio cometidos por el ocupante sionista.<\/p>\n<p style=\"text-align: justify;\">Tambi\u00e9n, el jefe de la diplomacia siria indic\u00f3 la firme postura de apoyo de Siria al pueblo palestino en su autodeterminaci\u00f3n y retorno a su patria, as\u00ed como el establecimiento de su Estado independiente y poner fin a la ocupaci\u00f3n israel\u00ed de todas las tierras \u00e1rabes ocupadas desde junio de 1967, incluido el Gol\u00e1n sirio ocupado.<\/p>\n<p>El alto funcionario sirio afirm\u00f3 que las continuas agresiones israel\u00edes contra el pueblo palestino, incluidos asesinatos, destrucci\u00f3n de infraestructura como escuelas, hospitales, desplazamientos forzados y ataques deliberados contra personal humanitario y periodistas, as\u00ed como los intentos de insultar a la ONU y a su Secretario General y prohibir el trabajo de la UNRWA en los territorios palestinos, entre otros cr\u00edmenes , representan graves violaciones del Derecho internacional y de las disposiciones de la Carta de las Naciones Unidas.<\/p>\n<p style=\"text-align: justify;\">sm<\/p>\n","protected":false},"excerpt":{"rendered":"<p>Damasco, 25 nov (SANA)\u00a0El ministro sirio de Asuntos Exteriores y Expatriados, Bassam Sabbagh, durante la reuni\u00f3n ministerial virtual de Emergencia del Grupo de Amigos en Defensa de la Carta de las Naciones Unidas inst\u00f3 a tomar medidas firmes, efectivas e inmediatas para detener los cr\u00edmenes y violaciones de &#8220;Israel&#8221; del Derecho Internacional y el Derecho &hellip;<\/p>\n","protected":false},"author":39,"featured_media":343628,"comment_status":"closed","ping_status":"closed","sticky":false,"template":"","format":"standard","meta":{"footnotes":""},"categories":[597,20724,467,583],"tags":[],"class_list":["post-343627","post","type-post","status-publish","format-standard","has-post-thumbnail","","category-cinta-de-noticias","category-minuto-a-minuto","category-siria-y-el-mundo","category-slide"],"_links":{"self":[{"href":"https:\/\/archive.sana.sy\/es\/index.php?rest_route=\/wp\/v2\/posts\/343627"}],"collection":[{"href":"https:\/\/archive.sana.sy\/es\/index.php?rest_route=\/wp\/v2\/posts"}],"about":[{"href":"https:\/\/archive.sana.sy\/es\/index.php?rest_route=\/wp\/v2\/types\/post"}],"author":[{"embeddable":true,"href":"https:\/\/archive.sana.sy\/es\/index.php?rest_route=\/wp\/v2\/users\/39"}],"replies":[{"embeddable":true,"href":"https:\/\/archive.sana.sy\/es\/index.php?rest_route=%2Fwp%2Fv2%2Fcomments&post=343627"}],"version-history":[{"count":7,"href":"https:\/\/archive.sana.sy\/es\/index.php?rest_route=\/wp\/v2\/posts\/343627\/revisions"}],"predecessor-version":[{"id":343641,"href":"https:\/\/archive.sana.sy\/es\/index.php?rest_route=\/wp\/v2\/posts\/343627\/revisions\/343641"}],"wp:featuredmedia":[{"embeddable":true,"href":"https:\/\/archive.sana.sy\/es\/index.php?rest_route=\/wp\/v2\/media\/343628"}],"wp:attachment":[{"href":"https:\/\/archive.sana.sy\/es\/index.php?rest_route=%2Fwp%2Fv2%2Fmedia&parent=343627"}],"wp:term":[{"taxonomy":"category","embeddable":true,"href":"https:\/\/archive.sana.sy\/es\/index.php?rest_route=%2Fwp%2Fv2%2Fcategories&post=343627"},{"taxonomy":"post_tag","embeddable":true,"href":"https:\/\/archive.sana.sy\/es\/index.php?rest_route=%2Fwp%2Fv2%2Ftags&post=343627"}],"curies":[{"name":"wp","href":"https:\/\/api.w.org\/{rel}","templated":true}]}}