{"id":343702,"date":"2024-11-26T18:05:26","date_gmt":"2024-11-26T15:05:26","guid":{"rendered":"https:\/\/sana.sy\/es\/?p=343702"},"modified":"2024-11-27T19:32:42","modified_gmt":"2024-11-27T16:32:42","slug":"grupo-de-amigos-en-defensa-de-la-carta-de-la-onu-condena-agresiones-israelies-contra-palestina-el-libano-y-siria","status":"publish","type":"post","link":"https:\/\/archive.sana.sy\/es\/?p=343702","title":{"rendered":"Grupo de Amigos en Defensa de la Carta de la ONU condena agresiones israel\u00edes contra Palestina, el L\u00edbano y Siria"},"content":{"rendered":"<p style=\"text-align: justify\"><span style=\"color: #800000\"><strong>Capitales, 26 nov (SANA)<\/strong> <\/span>El Grupo de Amigos en Defensa de la Carta de la Organizaci\u00f3n de las Naciones Unidas (ONU) expres\u00f3 su rotundo rechazo a las brutalidades cometidas por \u201cIsrael\u201d en el L\u00edbano, Siria e Ir\u00e1n.<\/p>\n<p style=\"text-align: justify\">Esta postura fue expresada mediante una declaraci\u00f3n pol\u00edtica conjunta, que se pronunci\u00f3 durante una videoconferencia que sostuvo el Grupo ayer el lunes.<\/p>\n<p style=\"text-align: justify\">Los miembros de la alianza instaron al Consejo de Seguridad a asumir sus responsabilidades para detener la guerra genocida que lanza \u201cIsrael\u201d contra la Franja de Gaza.<\/p>\n<p style=\"text-align: justify\">Asimismo, tildaron el veto estadounidense que se realiz\u00f3 el pasado 20 de noviembre al proyecto de resoluci\u00f3n sobre un alto el fuego duradero en Gaza de \u201cuna mayor complicidad con las pol\u00edticas y pr\u00e1cticas de Israel en el Territorio Palestino Ocupado\u201d.<\/p>\n<p style=\"text-align: justify\">Reiteraron su apoyo a la admisi\u00f3n del Estado de Palestina como Estado Miembro de pleno derecho de la ONU, enfatizando la necesidad de poner fin a la ocupaci\u00f3n israel\u00ed y de establecer un Estado palestino independiente con Jerusal\u00e9n como su capital.<\/p>\n<p style=\"text-align: justify\">Condenaron las decisiones israel\u00edes sobre la \u201cterminaci\u00f3n de cualquier tipo de cooperaci\u00f3n con la Agencia de Obras P\u00fablicas y Socorro de las Naciones Unidas para los Refugiados de Palestina en Oriente Medio (UNRWA), as\u00ed exigieron las autoridades israel\u00edes rindieran cuenta por las horripilantes masacres que est\u00e1n llevando a cabo en Palestina, el L\u00edbano y otras naciones.<\/p>\n<p style=\"text-align: justify\">la<\/p>\n","protected":false},"excerpt":{"rendered":"<p>Capitales, 26 nov (SANA) El Grupo de Amigos en Defensa de la Carta de la Organizaci\u00f3n de las Naciones Unidas (ONU) expres\u00f3 su rotundo rechazo a las brutalidades cometidas por \u201cIsrael\u201d en el L\u00edbano, Siria e Ir\u00e1n. Esta postura fue expresada mediante una declaraci\u00f3n pol\u00edtica conjunta, que se pronunci\u00f3 durante una videoconferencia que sostuvo el &hellip;<\/p>\n","protected":false},"author":24,"featured_media":343703,"comment_status":"closed","ping_status":"closed","sticky":false,"template":"","format":"standard","meta":{"footnotes":""},"categories":[597,456,20724,7541],"tags":[],"class_list":["post-343702","post","type-post","status-publish","format-standard","has-post-thumbnail","","category-cinta-de-noticias","category-arabe-internacional-politica","category-minuto-a-minuto","category-ultimas-noticias"],"_links":{"self":[{"href":"https:\/\/archive.sana.sy\/es\/index.php?rest_route=\/wp\/v2\/posts\/343702"}],"collection":[{"href":"https:\/\/archive.sana.sy\/es\/index.php?rest_route=\/wp\/v2\/posts"}],"about":[{"href":"https:\/\/archive.sana.sy\/es\/index.php?rest_route=\/wp\/v2\/types\/post"}],"author":[{"embeddable":true,"href":"https:\/\/archive.sana.sy\/es\/index.php?rest_route=\/wp\/v2\/users\/24"}],"replies":[{"embeddable":true,"href":"https:\/\/archive.sana.sy\/es\/index.php?rest_route=%2Fwp%2Fv2%2Fcomments&post=343702"}],"version-history":[{"count":1,"href":"https:\/\/archive.sana.sy\/es\/index.php?rest_route=\/wp\/v2\/posts\/343702\/revisions"}],"predecessor-version":[{"id":343704,"href":"https:\/\/archive.sana.sy\/es\/index.php?rest_route=\/wp\/v2\/posts\/343702\/revisions\/343704"}],"wp:featuredmedia":[{"embeddable":true,"href":"https:\/\/archive.sana.sy\/es\/index.php?rest_route=\/wp\/v2\/media\/343703"}],"wp:attachment":[{"href":"https:\/\/archive.sana.sy\/es\/index.php?rest_route=%2Fwp%2Fv2%2Fmedia&parent=343702"}],"wp:term":[{"taxonomy":"category","embeddable":true,"href":"https:\/\/archive.sana.sy\/es\/index.php?rest_route=%2Fwp%2Fv2%2Fcategories&post=343702"},{"taxonomy":"post_tag","embeddable":true,"href":"https:\/\/archive.sana.sy\/es\/index.php?rest_route=%2Fwp%2Fv2%2Ftags&post=343702"}],"curies":[{"name":"wp","href":"https:\/\/api.w.org\/{rel}","templated":true}]}}