{"id":34374,"date":"2015-11-29T20:50:01","date_gmt":"2015-11-29T18:50:01","guid":{"rendered":"http:\/\/sana.sy\/es\/?p=34374"},"modified":"2015-12-01T12:44:24","modified_gmt":"2015-12-01T10:44:24","slug":"presidente-al-assad-recibe-al-asesor-del-lider-de-la-revolucion-islamica-en-iran","status":"publish","type":"post","link":"https:\/\/archive.sana.sy\/es\/?p=34374","title":{"rendered":"Presidente al-Assad recibe al asesor del l\u00edder de la Revoluci\u00f3n Isl\u00e1mica en Ir\u00e1n"},"content":{"rendered":"<p><span style=\"color: #800000\">Damasco, SANA<\/span><\/p>\n<p>El presidente Bashar al-Assad recibi\u00f3 este domingo al m\u00e1ximo asesor del L\u00edder de la Revoluci\u00f3n Isl\u00e1mica de Ir\u00e1n, Ali Akbar Vilayati y el vicecanciller iran\u00ed, Hossein Amir Abdullahian y la delegaci\u00f3n acompa\u00f1ante.<\/p>\n<p>Durante la reuni\u00f3n, Vilayati valor\u00f3 altamente en nombre de la Rep\u00fablica Isl\u00e1mica de Ir\u00e1n, la resistencia excepcional del pueblo y el liderazgo de Siria ante la guerra feroz y sus herramientas que son los grupos extremistas apoyados por pa\u00edses y potencias regionales y occidentales con el fin de debilitar a los pa\u00edses de la regi\u00f3n y distraer a sus pueblos con guerras absurdas basadas en la discriminaci\u00f3n sectaria y \u00e9tnica.<\/p>\n<p>Los altos pol\u00edticos iran\u00edes informaron al presidente al-Assad sobre los esfuerzos que desempe\u00f1a su pa\u00eds para apoyar la autodeterminaci\u00f3n del pueblo sirio y la soberan\u00eda e integridad territorial de Siria.<\/p>\n<p>El Dr. Vilayati asegur\u00f3 al presidente al-Assad tambi\u00e9n que el L\u00edder de la Revoluci\u00f3n Isl\u00e1mica y la dirigencia de Ir\u00e1n est\u00e1n determinados a continuar su apoyo a Siria, tanto pueblo como liderazgo, puesto que la guerra que libran los sirios contra el terrorismo es \u201cuna guerra decisiva\u201d tanto para la regi\u00f3n como para el mundo entero.<\/p>\n<p>Durante la reuni\u00f3n, el presidente al-Assad asever\u00f3 que la consistencia del pueblo sirio y los trascendentes logros llevados a cabo por el Ej\u00e9rcito \u00c1rabe Sirio en materia de la lucha contra el terrorismo y gracias al apoyo de los pa\u00edses amigos, encabezados por Ir\u00e1n y Rusia, ha impulsado a algunos pa\u00edses hostiles que alegan combatir al terrorismo a escalar la situaci\u00f3n a\u00fan m\u00e1s e incrementar su apoyo financiero y armament\u00edstico a los grupos terroristas.<\/p>\n<p>El mandatario sirio recalc\u00f3 que Siria y sus amigos est\u00e1n determinados a avanzar en la lucha contra el terrorismo en todas sus manifestaciones, ya que tiene confianza en que la erradicaci\u00f3n de este flagelo constituir\u00e1 un paso inicial hacia la restauraci\u00f3n de la estabilidad tanto en la regi\u00f3n como en el mundo, y hacia el \u00e9xito de cualquier arreglo pol\u00edtico que decidan los propios sirios.<\/p>\n<p>La reuni\u00f3n cont\u00f3 con la presencia de la asesora para Asuntos pol\u00edticos y medi\u00e1ticos de la Presidencia Siria, Bothaina Shaaban, el asesor del Canciller sirio, Hamed Hassan y el Embajador iran\u00ed en Damasco.<\/p>\n<p>En el mismo marco, el canciller sirio, Walid al-Moallem se reuni\u00f3 con Vilayati, y afirm\u00f3 que los \u00faltimos acontecimientos en el terreno desvelaron qui\u00e9n est\u00e1 luchando efectivamente contra el terrorismo y qui\u00e9n no.<\/p>\n<p>Cabe destacar que el presidente al-Assad se hab\u00eda reunido con Vilayati el 19 del pasado mes de mayo, y le ratific\u00f3 que el apoyo brindado por Ir\u00e1n al pueblo sirio es un elemento principal en la guerra antiterrorista.<\/p>\n<div id='gallery-1' class='gallery galleryid-34374 gallery-columns-3 gallery-size-thumbnail'><figure class='gallery-item'>\n\t\t\t<div class='gallery-icon landscape'>\n\t\t\t\t<a href='https:\/\/archive.sana.sy\/es\/wp-content\/uploads\/2015\/11\/al-Assad-Vilayati-3.jpg'><img loading=\"lazy\" decoding=\"async\" width=\"150\" height=\"68\" src=\"https:\/\/archive.sana.sy\/es\/wp-content\/uploads\/2015\/11\/al-Assad-Vilayati-3-150x68.jpg\" class=\"attachment-thumbnail size-thumbnail\" alt=\"\" srcset=\"https:\/\/archive.sana.sy\/es\/wp-content\/uploads\/2015\/11\/al-Assad-Vilayati-3-150x68.jpg 150w, https:\/\/archive.sana.sy\/es\/wp-content\/uploads\/2015\/11\/al-Assad-Vilayati-3-300x136.jpg 300w, https:\/\/archive.sana.sy\/es\/wp-content\/uploads\/2015\/11\/al-Assad-Vilayati-3-1024x464.jpg 1024w\" sizes=\"(max-width: 150px) 100vw, 150px\" \/><\/a>\n\t\t\t<\/div><\/figure><figure class='gallery-item'>\n\t\t\t<div class='gallery-icon landscape'>\n\t\t\t\t<a href='https:\/\/archive.sana.sy\/es\/wp-content\/uploads\/2015\/11\/al-Assad-Vilayati-2-.jpg'><img loading=\"lazy\" decoding=\"async\" width=\"150\" height=\"84\" src=\"https:\/\/archive.sana.sy\/es\/wp-content\/uploads\/2015\/11\/al-Assad-Vilayati-2--150x84.jpg\" class=\"attachment-thumbnail size-thumbnail\" alt=\"\" srcset=\"https:\/\/archive.sana.sy\/es\/wp-content\/uploads\/2015\/11\/al-Assad-Vilayati-2--150x84.jpg 150w, https:\/\/archive.sana.sy\/es\/wp-content\/uploads\/2015\/11\/al-Assad-Vilayati-2--300x169.jpg 300w, https:\/\/archive.sana.sy\/es\/wp-content\/uploads\/2015\/11\/al-Assad-Vilayati-2--1024x576.jpg 1024w\" sizes=\"(max-width: 150px) 100vw, 150px\" \/><\/a>\n\t\t\t<\/div><\/figure>\n\t\t<\/div>\n\n<p>&nbsp;<\/p>\n<p>Lynn A., Riyad Sh.<\/p>\n","protected":false},"excerpt":{"rendered":"<p>Damasco, SANA El presidente Bashar al-Assad recibi\u00f3 este domingo al m\u00e1ximo asesor del L\u00edder de la Revoluci\u00f3n Isl\u00e1mica de Ir\u00e1n, Ali Akbar Vilayati y el vicecanciller iran\u00ed, Hossein Amir Abdullahian y la delegaci\u00f3n acompa\u00f1ante. Durante la reuni\u00f3n, Vilayati valor\u00f3 altamente en nombre de la Rep\u00fablica Isl\u00e1mica de Ir\u00e1n, la resistencia excepcional del pueblo y el &hellip;<\/p>\n","protected":false},"author":1,"featured_media":34403,"comment_status":"closed","ping_status":"closed","sticky":false,"template":"","format":"standard","meta":{"footnotes":""},"categories":[477,476,626],"tags":[7495],"class_list":["post-34374","post","type-post","status-publish","format-standard","has-post-thumbnail","","category-noticias-edulcorantes","category-locales","category-sr-presidente","tag-presidente-al-assad-recibe-al-asesor-del-lider-de-la-revolucion-islamica-en-iran"],"_links":{"self":[{"href":"https:\/\/archive.sana.sy\/es\/index.php?rest_route=\/wp\/v2\/posts\/34374"}],"collection":[{"href":"https:\/\/archive.sana.sy\/es\/index.php?rest_route=\/wp\/v2\/posts"}],"about":[{"href":"https:\/\/archive.sana.sy\/es\/index.php?rest_route=\/wp\/v2\/types\/post"}],"author":[{"embeddable":true,"href":"https:\/\/archive.sana.sy\/es\/index.php?rest_route=\/wp\/v2\/users\/1"}],"replies":[{"embeddable":true,"href":"https:\/\/archive.sana.sy\/es\/index.php?rest_route=%2Fwp%2Fv2%2Fcomments&post=34374"}],"version-history":[{"count":0,"href":"https:\/\/archive.sana.sy\/es\/index.php?rest_route=\/wp\/v2\/posts\/34374\/revisions"}],"wp:featuredmedia":[{"embeddable":true,"href":"https:\/\/archive.sana.sy\/es\/index.php?rest_route=\/wp\/v2\/media\/34403"}],"wp:attachment":[{"href":"https:\/\/archive.sana.sy\/es\/index.php?rest_route=%2Fwp%2Fv2%2Fmedia&parent=34374"}],"wp:term":[{"taxonomy":"category","embeddable":true,"href":"https:\/\/archive.sana.sy\/es\/index.php?rest_route=%2Fwp%2Fv2%2Fcategories&post=34374"},{"taxonomy":"post_tag","embeddable":true,"href":"https:\/\/archive.sana.sy\/es\/index.php?rest_route=%2Fwp%2Fv2%2Ftags&post=34374"}],"curies":[{"name":"wp","href":"https:\/\/api.w.org\/{rel}","templated":true}]}}