{"id":343879,"date":"2024-11-28T16:12:06","date_gmt":"2024-11-28T13:12:06","guid":{"rendered":"https:\/\/sana.sy\/es\/?p=343879"},"modified":"2024-11-28T16:12:06","modified_gmt":"2024-11-28T13:12:06","slug":"las-fuerzas-rusas-eliminan-a-mas-de-250-soldados-ucranianos-en-kursk","status":"publish","type":"post","link":"https:\/\/archive.sana.sy\/es\/?p=343879","title":{"rendered":"Las fuerzas rusas eliminan a m\u00e1s de 250 soldados ucranianos en Kursk"},"content":{"rendered":"<p style=\"text-align: justify;\"><strong><span style=\"color: maroon;\">Mosc\u00fa, 28 nov (SANA)\u00a0<\/span><\/strong> El Ministerio de Defensa ruso anunci\u00f3 que sus fuerzas infligieron p\u00e9rdidas a las tropas ucranianas, ya que m\u00e1s de 250 soldados enemigos fueron eliminados en los combates en el eje Kursk durante las \u00faltimas 24 horas.<\/p>\n<p style=\"text-align: justify;\">\u201cLos ataques a\u00e9reos y el fuego de artiller\u00eda rusos alcanzaron personal y equipos militares de las fuerzas del r\u00e9gimen de Kiev en las cercan\u00edas de 17 centros residenciales en las regiones fronterizas de Kursk, adem\u00e1s de otros 6 en el territorio de la vecina provincia ucraniana de Sumy\u201d,declar\u00f3 la referida entidad, seg\u00fan difundi\u00f3 el sitio web RT.<\/p>\n<p style=\"text-align: justify;\">Indic\u00f3 que las p\u00e9rdidas totales de las fuerzas del r\u00e9gimen de Kiev durante las batallas en el eje de Kursk ascendieron a m\u00e1s de 36.260 soldados, 233 tanques, 158 veh\u00edculos de combate de infanter\u00eda y 122 veh\u00edculos blindados de transporte de tropas, as\u00ed como 1.200 veh\u00edculos blindados de combate y otras armas y equipo militar.<\/p>\n<p style=\"text-align: justify;\">sm<\/p>\n","protected":false},"excerpt":{"rendered":"<p>Mosc\u00fa, 28 nov (SANA)\u00a0 El Ministerio de Defensa ruso anunci\u00f3 que sus fuerzas infligieron p\u00e9rdidas a las tropas ucranianas, ya que m\u00e1s de 250 soldados enemigos fueron eliminados en los combates en el eje Kursk durante las \u00faltimas 24 horas. \u201cLos ataques a\u00e9reos y el fuego de artiller\u00eda rusos alcanzaron personal y equipos militares de &hellip;<\/p>\n","protected":false},"author":39,"featured_media":343880,"comment_status":"closed","ping_status":"closed","sticky":false,"template":"","format":"standard","meta":{"footnotes":""},"categories":[597,456,16687,20724,7541],"tags":[],"class_list":["post-343879","post","type-post","status-publish","format-standard","has-post-thumbnail","","category-cinta-de-noticias","category-arabe-internacional-politica","category-internacionales","category-minuto-a-minuto","category-ultimas-noticias"],"_links":{"self":[{"href":"https:\/\/archive.sana.sy\/es\/index.php?rest_route=\/wp\/v2\/posts\/343879"}],"collection":[{"href":"https:\/\/archive.sana.sy\/es\/index.php?rest_route=\/wp\/v2\/posts"}],"about":[{"href":"https:\/\/archive.sana.sy\/es\/index.php?rest_route=\/wp\/v2\/types\/post"}],"author":[{"embeddable":true,"href":"https:\/\/archive.sana.sy\/es\/index.php?rest_route=\/wp\/v2\/users\/39"}],"replies":[{"embeddable":true,"href":"https:\/\/archive.sana.sy\/es\/index.php?rest_route=%2Fwp%2Fv2%2Fcomments&post=343879"}],"version-history":[{"count":1,"href":"https:\/\/archive.sana.sy\/es\/index.php?rest_route=\/wp\/v2\/posts\/343879\/revisions"}],"predecessor-version":[{"id":343881,"href":"https:\/\/archive.sana.sy\/es\/index.php?rest_route=\/wp\/v2\/posts\/343879\/revisions\/343881"}],"wp:featuredmedia":[{"embeddable":true,"href":"https:\/\/archive.sana.sy\/es\/index.php?rest_route=\/wp\/v2\/media\/343880"}],"wp:attachment":[{"href":"https:\/\/archive.sana.sy\/es\/index.php?rest_route=%2Fwp%2Fv2%2Fmedia&parent=343879"}],"wp:term":[{"taxonomy":"category","embeddable":true,"href":"https:\/\/archive.sana.sy\/es\/index.php?rest_route=%2Fwp%2Fv2%2Fcategories&post=343879"},{"taxonomy":"post_tag","embeddable":true,"href":"https:\/\/archive.sana.sy\/es\/index.php?rest_route=%2Fwp%2Fv2%2Ftags&post=343879"}],"curies":[{"name":"wp","href":"https:\/\/api.w.org\/{rel}","templated":true}]}}